{"id":124358,"date":"2018-10-30T16:03:27","date_gmt":"2018-10-30T18:03:27","guid":{"rendered":"https:\/\/diarioregionaldigital.com.br\/?p=124358"},"modified":"2018-10-30T16:03:27","modified_gmt":"2018-10-30T18:03:27","slug":"juiz-de-fora-promovera-duas-acoes-no-dia-nacional-de-prevencao-das-arritmias-cardiacas-e-morte-subita","status":"publish","type":"post","link":"https:\/\/diarioregionaldigital.com.br\/?p=124358","title":{"rendered":"Juiz de Fora promover\u00e1 duas a\u00e7\u00f5es no Dia Nacional de Preven\u00e7\u00e3o das Arritmias Card\u00edacas e Morte S\u00fabita"},"content":{"rendered":"<p>No \u00faltimo domingo, 28\/10, uma parada card\u00edaca foi a causa da morte dois mes\u00e1rios no Rio de Janeiro, durante vota\u00e7\u00e3o do segundo turno das elei\u00e7\u00f5es. Segundo dados da Sociedade Brasileira de arritmias card\u00edacas, as doen\u00e7as card\u00edacas matam mais que 300 mil pessoas por ano e atingem quase 20% da popula\u00e7\u00e3o brasileira. Em Juiz de Fora, segundo dados da Secretaria Municipal de Sa\u00fade, cerca de 700 pessoas foram a \u00f3bito por causa de doen\u00e7as do cora\u00e7\u00e3o.<\/p>\n<p>Com o objetivo de chamar a aten\u00e7\u00e3o para a doen\u00e7a, o Servi\u00e7o de Cardiologia do HU-UFJF e a Liga Acad\u00eamica de Cardiologia da Faculdade de Medicina da UFJF v\u00e3o realizar duas campanhas na cidade. A primeira, 10\/11, no Campus da UFJF e a segunda, 12\/11, no dia Nacional de Preven\u00e7\u00e3o das Arritmias Card\u00edacas e Morte S\u00fabita, ocorrer\u00e1 no p\u00e1tio da Santa Casa de Miseric\u00f3rdia de Juiz de Fora.<\/p>\n<p>Segundo o Chefe do Servi\u00e7o de Cardiologia do HU-UFJF, H\u00e9lio Lima Brito Jr. mais do que chamar a aten\u00e7\u00e3o para a doen\u00e7a e as suas consequ\u00eancias, a campanha quer conscientizar a popula\u00e7\u00e3o sobre a import\u00e2ncia de boas pr\u00e1ticas de sa\u00fade, como a atividade f\u00edsica regular e a consulta peri\u00f3dica a um profissional especializado. As recomenda\u00e7\u00f5es incluem controle de peso, da press\u00e3o arterial e do diabetes, al\u00e9m de alimenta\u00e7\u00e3o com pouco sal.<\/p>\n<p>O alerta \u00e9 importante, explica, porque a doen\u00e7a \u00e9 silenciosa e causada por falhas nos est\u00edmulos el\u00e9tricos que provocam altera\u00e7\u00e3o no ritmo das batidas do cora\u00e7\u00e3o. De acordo com a Sociedade Brasileira de Arritmias Card\u00edacas (Sobrac) a cada dois minutos uma pessoa \u00e9 v\u00edtima de morte s\u00fabita no Brasil. Tem maior Com maior incid\u00eancia no sexo masculino, a arritmia card\u00edaca \u00e9 respons\u00e1vel por 80% a 90% dos casos de morte s\u00fabita. A preval\u00eancia maior se d\u00e1 na faixa et\u00e1ria entre 45 e 75 anos. A doen\u00e7a tamb\u00e9m acomete pessoas na faixa et\u00e1ria mais produtiva da vida e de muitos atletas, geralmente jovens e saud\u00e1veis.<\/p>\n<p>Segundo o Cardiologista H\u00e9lio Brito a falta de informa\u00e7\u00e3o atrapalha muito a preven\u00e7\u00e3o. Quando o problema aparece em pessoas at\u00e9 35 anos de idade, normalmente, a origem \u00e9 gen\u00e9tica. \u201c As pessoas nessa faixa et\u00e1ria, que t\u00eam casos na fam\u00edlia, devem ficar atentas e fazer exames preventivos uma vez por ano\u201d, explica. O m\u00e9dico diz ainda que muitas vezes os pacientes subestimam alguns sintomas, como tonturas, desmaios e dores e n\u00e3o procuram o m\u00e9dico para investigar melhor o que aconteceu. &#8221; Isso \u00e9 um erro&#8221;, alerta.<\/p>\n<p>Cora\u00e7\u00e3o na Batida Certa<\/p>\n<p>Preven\u00e7\u00e3o das arritmias card\u00edacas e morte s\u00fabita<\/p>\n<p>Dia 10\/11\/2018 (S\u00e1bado)<\/p>\n<p>Hora: 8h30 \u00e0s 13h<\/p>\n<p>Campus UFJF<\/p>\n<p>Dia 12\/11\/2018<\/p>\n<p>Hora: 8h \u00e0s 12h<\/p>\n<p>P\u00e1tio da Santa Casa de Miseric\u00f3rdia de Juiz de Fora<\/p>\n<p>Atividades; Aferi\u00e7\u00e3o de press\u00e3o arterial, peso e medida abdominal, aula pr\u00e1tica sobre como fazer massagem card\u00edaca, distribui\u00e7\u00e3o de folders.<\/p>\n<p>Coordena\u00e7\u00e3o: Dr. H\u00e9lio Lima de Brito Jr.<\/p>\n<p>Organiza\u00e7\u00e3o: Liga Acad\u00eamica de Cardiologia da UFJF<\/p>\n<p>&nbsp;<\/p>\n<p>Fonte: Assessoria<\/p>\n","protected":false},"excerpt":{"rendered":"<p>No \u00faltimo domingo, 28\/10, uma parada card\u00edaca foi a causa da morte dois mes\u00e1rios no Rio de Janeiro, durante vota\u00e7\u00e3o do segundo turno das elei\u00e7\u00f5es. Segundo dados da Sociedade Brasileira de arritmias card\u00edacas, as doen\u00e7as card\u00edacas matam mais que 300 mil pessoas por ano e atingem quase 20% da popula\u00e7\u00e3o brasileira. Em Juiz de Fora, [&hellip;]<\/p>\n","protected":false},"author":96,"featured_media":112697,"comment_status":"closed","ping_status":"closed","sticky":false,"template":"","format":"standard","meta":{"footnotes":""},"categories":[253,436,439],"tags":[],"class_list":["post-124358","post","type-post","status-publish","format-standard","has-post-thumbnail","hentry","category-cidade","category-destaque-da-semana","category-ultima-hora"],"_links":{"self":[{"href":"https:\/\/diarioregionaldigital.com.br\/index.php?rest_route=\/wp\/v2\/posts\/124358","targetHints":{"allow":["GET"]}}],"collection":[{"href":"https:\/\/diarioregionaldigital.com.br\/index.php?rest_route=\/wp\/v2\/posts"}],"about":[{"href":"https:\/\/diarioregionaldigital.com.br\/index.php?rest_route=\/wp\/v2\/types\/post"}],"author":[{"embeddable":true,"href":"https:\/\/diarioregionaldigital.com.br\/index.php?rest_route=\/wp\/v2\/users\/96"}],"replies":[{"embeddable":true,"href":"https:\/\/diarioregionaldigital.com.br\/index.php?rest_route=%2Fwp%2Fv2%2Fcomments&post=124358"}],"version-history":[{"count":0,"href":"https:\/\/diarioregionaldigital.com.br\/index.php?rest_route=\/wp\/v2\/posts\/124358\/revisions"}],"wp:featuredmedia":[{"embeddable":true,"href":"https:\/\/diarioregionaldigital.com.br\/index.php?rest_route=\/wp\/v2\/media\/112697"}],"wp:attachment":[{"href":"https:\/\/diarioregionaldigital.com.br\/index.php?rest_route=%2Fwp%2Fv2%2Fmedia&parent=124358"}],"wp:term":[{"taxonomy":"category","embeddable":true,"href":"https:\/\/diarioregionaldigital.com.br\/index.php?rest_route=%2Fwp%2Fv2%2Fcategories&post=124358"},{"taxonomy":"post_tag","embeddable":true,"href":"https:\/\/diarioregionaldigital.com.br\/index.php?rest_route=%2Fwp%2Fv2%2Ftags&post=124358"}],"curies":[{"name":"wp","href":"https:\/\/api.w.org\/{rel}","templated":true}]}}