{"id":124300,"date":"2018-10-29T15:06:48","date_gmt":"2018-10-29T17:06:48","guid":{"rendered":"https:\/\/diarioregionaldigital.com.br\/?p=124300"},"modified":"2018-10-30T12:27:12","modified_gmt":"2018-10-30T14:27:12","slug":"mais-de-70-dos-candidatos-ao-pism-sao-de-outras-cidades","status":"publish","type":"post","link":"https:\/\/diarioregionaldigital.com.br\/?p=124300","title":{"rendered":"Mais de 70% dos candidatos ao Pism s\u00e3o de outras cidades"},"content":{"rendered":"<p>Mais de 70% dos inscritos no Programa de Ingresso Seletivo Misto (Pism) da Universidade Federal de Juiz de Fora (UFJF) que pretendem estudar no campus base n\u00e3o vivem em Juiz de Fora. Dos 33.673 candidatos para estudar em Juiz de Fora, 24.209 s\u00e3o de fora da cidade.<\/p>\n<p>No total, 34.798 pessoas de todas as regi\u00f5es do pa\u00eds inscreveram-se no Pism 2019. Dos candidatos que querem estudar em Juiz de Fora, 24.049 s\u00e3o de outras cidades do Sudeste do pa\u00eds, sendo 15.268 s\u00f3 de Minas Gerais. Das outras regi\u00f5es, s\u00e3o 66 candidatos do Centro-Oeste; 51 do Nordeste; 30 do Norte e 13 do Sul.<\/p>\n<p>Maria Alice Campos dos Santos, 16 anos, \u00e9 uma das 846 pessoas inscritas no Pism que vir\u00e3o da cidade de Tr\u00eas Rios (RJ) para a prova. Aluna do primeiro ano do ensino m\u00e9dio no Instituto de Educa\u00e7\u00e3o Professor Joel Monnerat, ela far\u00e1 o primeiro m\u00f3dulo do exame neste ano. Apesar de a cidade ser pr\u00f3xima de Juiz de Fora, um dos locais de prova, Maria Alice pretende viajar um dia antes e dormir na casa de uma tia. Ela est\u00e1 decidida quanto \u00e0 escolha do curso: Direito.<\/p>\n<p>\u201cDesde pequena eu tenho vontade de ser ju\u00edza. Fico vendo na televis\u00e3o e acho a coisa mais maravilhosa do mundo.\u201d Sobre o sonho de estudar na UFJF, Maria citou as avalia\u00e7\u00f5es de quatro e cinco estrelas feitas pelo MEC para diferentes cursos da institui\u00e7\u00e3o, e concluiu: \u201cQuero o melhor para mim e sei que aqui vou conseguir. Eu estou estudando muito mesmo, ent\u00e3o, pretendo ir bem nas provas e tirar uma nota boa.\u201d<\/p>\n<p>Renata Regina, 15 anos, \u00e9 da cidade de Campos do Goytacazes (RJ), de onde s\u00e3o 393 inscritos no Pism. Ela far\u00e1 provas do M\u00f3dulo I e escolheu a Universidade por sua qualidade. \u201cA UFJF \u00e9 renomada e vai me preparar para o mercado de trabalho em qualquer curso que eu queira entrar. Estou muito dividida entre Medicina e Hist\u00f3ria. Minha fam\u00edlia paterna tem muitos m\u00e9dicos, mas tenho uma paix\u00e3o pela Hist\u00f3ria. Acho que os dois cursos podem me fazer realizada, mas ainda tenho d\u00favidas comuns dessa \u00e9poca de ensino m\u00e9dio.\u201d Renata acredita que o ingresso na Universidade pelo Pism \u00e9 facilitado, j\u00e1 que as provas s\u00e3o realizadas a cada ano no ensino m\u00e9dio. \u201cEstou ansiosa, mas espero ir bem.\u201d<\/p>\n<p>Da cidade de Angra dos Reis, Ana Carolina Rodrigues, 17 anos, diz que come\u00e7ou a pesquisar sobre a UFJF depois que os professores come\u00e7aram a falar da Universidade em sala de aula. \u201cMe interessei muito e quero muito estudar na UFJF. \u00c9 a Universidade em que estou focada a entrar.\u201d Ana Carolina vai fazer as provas do m\u00f3dulo II do Pism e \u00e9 uma entre os 119 candidatos de Angra dos Reis. \u201cEstou fazendo um curso preparat\u00f3rio na minha cidade. Ano passado, tirei uma nota baixa, mas este ano estou bem mais focada para conseguir subir. O primeiro Pism \u00e9 um choque, porque n\u00e3o conhecemos direito. Mas se estudar, consegue. N\u00e3o \u00e9 algo imposs\u00edvel.\u201d<\/p>\n<p>De acordo com o pr\u00f3-reitor adjunto de Gradua\u00e7\u00e3o, Cassiano Caon Amorim, h\u00e1 alguns anos o Pism vem crescendo de maneira acentuada, n\u00e3o s\u00f3 no n\u00famero de candidatos de Juiz de Fora e regi\u00e3o, mas tamb\u00e9m em outros estados. \u201cPercebemos um n\u00famero maior de inscritos das escolas p\u00fablicas, mais candidatos de outros Estados e uma grande participa\u00e7\u00e3o especialmente do Rio de Janeiro, S\u00e3o Paulo e do Esp\u00edrito Santo. O Pism n\u00e3o \u00e9 mais um processo s\u00f3 regional. Ele se expandiu para outros Estados e n\u00e3o s\u00f3 pelo o Sudeste.\u201d<\/p>\n<p>Amorim alerta os candidatos de fora a ter mais aten\u00e7\u00e3o na hora de se deslocar para fazer as provas. \u201c\u00c9 importante ficar atento ao local, conhecer a cidade, verificar meios de transporte, de hospedagem, especialmente mais pr\u00f3ximo do local de prova. Nos dias de exame, aten\u00e7\u00e3o ao que pode ser levado e ao que n\u00e3o se pode portar no momento da prova.\u201d<\/p>\n<h3><b>Governador Valadares<\/b><\/h3>\n<p>O n\u00famero de candidatos de fora de Governador Valadares que pretendem estudar no campus da UFJF no campus avan\u00e7ado tamb\u00e9m \u00e9 alto. Dos 1.125 inscritos no Pism 2019 para disputar as vagas em GV, 910 n\u00e3o moram na cidade. A grande maioria \u00e9 de outras cidades do Sudeste, mas h\u00e1 candidatos nas regi\u00f5es Centro-Oeste (1), Norte (3) e Nordeste (7).<\/p>\n<p>As provas do Pism ser\u00e3o realizadas nos dias 1\u00ba e 2 de dezembro, em quatro cidades: Juiz de Fora, Governador Valadares, Muria\u00e9 e Volta Redonda (RJ).<\/p>\n<p><em>Fonte: Assessoria<\/em><\/p>\n","protected":false},"excerpt":{"rendered":"<p>Mais de 70% dos inscritos no Programa de Ingresso Seletivo Misto (Pism) da Universidade Federal de Juiz de Fora (UFJF) que pretendem estudar no campus base n\u00e3o vivem em Juiz de Fora. Dos 33.673 candidatos para estudar em Juiz de Fora, 24.209 s\u00e3o de fora da cidade. No total, 34.798 pessoas de todas as regi\u00f5es [&hellip;]<\/p>\n","protected":false},"author":96,"featured_media":0,"comment_status":"closed","ping_status":"closed","sticky":false,"template":"","format":"standard","meta":{"footnotes":""},"categories":[253,436,440,439],"tags":[],"class_list":["post-124300","post","type-post","status-publish","format-standard","hentry","category-cidade","category-destaque-da-semana","category-destaques-do-dia","category-ultima-hora"],"_links":{"self":[{"href":"https:\/\/diarioregionaldigital.com.br\/index.php?rest_route=\/wp\/v2\/posts\/124300","targetHints":{"allow":["GET"]}}],"collection":[{"href":"https:\/\/diarioregionaldigital.com.br\/index.php?rest_route=\/wp\/v2\/posts"}],"about":[{"href":"https:\/\/diarioregionaldigital.com.br\/index.php?rest_route=\/wp\/v2\/types\/post"}],"author":[{"embeddable":true,"href":"https:\/\/diarioregionaldigital.com.br\/index.php?rest_route=\/wp\/v2\/users\/96"}],"replies":[{"embeddable":true,"href":"https:\/\/diarioregionaldigital.com.br\/index.php?rest_route=%2Fwp%2Fv2%2Fcomments&post=124300"}],"version-history":[{"count":0,"href":"https:\/\/diarioregionaldigital.com.br\/index.php?rest_route=\/wp\/v2\/posts\/124300\/revisions"}],"wp:attachment":[{"href":"https:\/\/diarioregionaldigital.com.br\/index.php?rest_route=%2Fwp%2Fv2%2Fmedia&parent=124300"}],"wp:term":[{"taxonomy":"category","embeddable":true,"href":"https:\/\/diarioregionaldigital.com.br\/index.php?rest_route=%2Fwp%2Fv2%2Fcategories&post=124300"},{"taxonomy":"post_tag","embeddable":true,"href":"https:\/\/diarioregionaldigital.com.br\/index.php?rest_route=%2Fwp%2Fv2%2Ftags&post=124300"}],"curies":[{"name":"wp","href":"https:\/\/api.w.org\/{rel}","templated":true}]}}