{"id":124095,"date":"2018-10-28T03:29:47","date_gmt":"2018-10-28T05:29:47","guid":{"rendered":"https:\/\/diarioregionaldigital.com.br\/?p=124095"},"modified":"2018-10-28T03:29:47","modified_gmt":"2018-10-28T05:29:47","slug":"in-moda-outubro-rosa","status":"publish","type":"post","link":"https:\/\/diarioregionaldigital.com.br\/?p=124095","title":{"rendered":"IN MODA &#8211; Outubro Rosa"},"content":{"rendered":"<p style=\"text-align: center\"><span style=\"font-size: 14pt\"><strong>OUTUBRO ROSA<\/strong><\/span><\/p>\n<p style=\"text-align: center\"><span style=\"font-size: 12pt\">Desfile valoriza identidade feminina e conscientiza sobre a import\u00e2ncia da preven\u00e7\u00e3o.<\/span><\/p>\n<p style=\"padding-left: 30px\"><span style=\"font-size: 12pt\"><br \/>\n<img loading=\"lazy\" decoding=\"async\" class=\"wp-image-124096 aligncenter\" src=\"https:\/\/diarioregionaldigital.com.br\/wp-content\/uploads\/2018\/10\/FOTO-1-300x267.jpg\" alt=\"\" width=\"194\" height=\"172\" srcset=\"https:\/\/diarioregionaldigital.com.br\/wp-content\/uploads\/2018\/10\/FOTO-1-300x267.jpg 300w, https:\/\/diarioregionaldigital.com.br\/wp-content\/uploads\/2018\/10\/FOTO-1-768x683.jpg 768w, https:\/\/diarioregionaldigital.com.br\/wp-content\/uploads\/2018\/10\/FOTO-1-1024x910.jpg 1024w, https:\/\/diarioregionaldigital.com.br\/wp-content\/uploads\/2018\/10\/FOTO-1-360x320.jpg 360w, https:\/\/diarioregionaldigital.com.br\/wp-content\/uploads\/2018\/10\/FOTO-1-555x490.jpg 555w, https:\/\/diarioregionaldigital.com.br\/wp-content\/uploads\/2018\/10\/FOTO-1.jpg 1280w\" sizes=\"auto, (max-width: 194px) 100vw, 194px\" \/>\u00a0 \u00a0 \u00a0<\/span><\/p>\n<p><span style=\"font-size: 12pt\">O curso de Design de Moda do Centro Universit\u00e1rio Est\u00e1cio Juiz de Fora, em parceria com a Ascomcer, realizou mais uma edi\u00e7\u00e3o do desfile Outubro Rosa.<\/span><\/p>\n<p>&nbsp;<\/p>\n<div id=\"attachment_124106\" style=\"width: 326px\" class=\"wp-caption aligncenter\"><img loading=\"lazy\" decoding=\"async\" aria-describedby=\"caption-attachment-124106\" class=\" wp-image-124106\" src=\"https:\/\/diarioregionaldigital.com.br\/wp-content\/uploads\/2018\/10\/FOTO-2-Ana-Paula-Calixto-Selma-Flutt-Dani-Britto-Paula-Campos-e-T\u00e2mara-Lis-professoras-e-idealizadoras-do-desfile-275x300.jpg\" alt=\"\" width=\"316\" height=\"345\" srcset=\"https:\/\/diarioregionaldigital.com.br\/wp-content\/uploads\/2018\/10\/FOTO-2-Ana-Paula-Calixto-Selma-Flutt-Dani-Britto-Paula-Campos-e-T\u00e2mara-Lis-professoras-e-idealizadoras-do-desfile-275x300.jpg 275w, https:\/\/diarioregionaldigital.com.br\/wp-content\/uploads\/2018\/10\/FOTO-2-Ana-Paula-Calixto-Selma-Flutt-Dani-Britto-Paula-Campos-e-T\u00e2mara-Lis-professoras-e-idealizadoras-do-desfile-768x837.jpg 768w, https:\/\/diarioregionaldigital.com.br\/wp-content\/uploads\/2018\/10\/FOTO-2-Ana-Paula-Calixto-Selma-Flutt-Dani-Britto-Paula-Campos-e-T\u00e2mara-Lis-professoras-e-idealizadoras-do-desfile-940x1024.jpg 940w, https:\/\/diarioregionaldigital.com.br\/wp-content\/uploads\/2018\/10\/FOTO-2-Ana-Paula-Calixto-Selma-Flutt-Dani-Britto-Paula-Campos-e-T\u00e2mara-Lis-professoras-e-idealizadoras-do-desfile-360x392.jpg 360w, https:\/\/diarioregionaldigital.com.br\/wp-content\/uploads\/2018\/10\/FOTO-2-Ana-Paula-Calixto-Selma-Flutt-Dani-Britto-Paula-Campos-e-T\u00e2mara-Lis-professoras-e-idealizadoras-do-desfile.jpg 959w\" sizes=\"auto, (max-width: 316px) 100vw, 316px\" \/><p id=\"caption-attachment-124106\" class=\"wp-caption-text\"><span style=\"font-size: 12pt\">Ana Paula Calixto, Selma Flutt, Dani Britto, Paula Campos e T\u00e2mara Lis, professoras e idealizadoras do desfile.<\/span><\/p><\/div>\n<p>&nbsp;<\/p>\n<p><span style=\"font-size: 12pt\">\u00a0O evento \u00e9 voltado para a conscientiza\u00e7\u00e3o da preven\u00e7\u00e3o ao c\u00e2ncer de mama. Alunos da institui\u00e7\u00e3o produziram looks usados no desfile. O evento aconteceu no Santa Cruz Shopping, \u202ana \u00faltima quinta-feira 25.<\/span><\/p>\n<p><span style=\"font-size: 12pt\"><img loading=\"lazy\" decoding=\"async\" class=\"size-medium wp-image-124101 aligncenter\" src=\"https:\/\/diarioregionaldigital.com.br\/wp-content\/uploads\/2018\/10\/FOTO-3-300x183.jpg\" alt=\"\" width=\"300\" height=\"183\" srcset=\"https:\/\/diarioregionaldigital.com.br\/wp-content\/uploads\/2018\/10\/FOTO-3-300x183.jpg 300w, https:\/\/diarioregionaldigital.com.br\/wp-content\/uploads\/2018\/10\/FOTO-3-768x468.jpg 768w, https:\/\/diarioregionaldigital.com.br\/wp-content\/uploads\/2018\/10\/FOTO-3-1024x624.jpg 1024w, https:\/\/diarioregionaldigital.com.br\/wp-content\/uploads\/2018\/10\/FOTO-3-360x219.jpg 360w, https:\/\/diarioregionaldigital.com.br\/wp-content\/uploads\/2018\/10\/FOTO-3.jpg 1279w\" sizes=\"auto, (max-width: 300px) 100vw, 300px\" \/>\u00a0<\/span><\/p>\n<p><span style=\"font-size: 12pt\">Na passarela, desfilaram pacientes em tratamento na Ascomcer e modelos da ag\u00eancia Patr\u00edcia Alvim. \u00a0<\/span><\/p>\n<p><span style=\"font-size: 12pt\">Na edi\u00e7\u00e3o 2018, o desfile buscou conscientizar a popula\u00e7\u00e3o, mostrando que nem todas as mulheres que lutam contra o c\u00e2ncer de mama s\u00e3o iguais: cada uma delas tem suas caracter\u00edsticas e identidade. Foram\u00a0 representados v\u00e1rios grupos de mulheres: punks, hippies, ciganas, trans, negras e\u00a0plus size.<\/span><\/p>\n<p style=\"text-align: center\"><span style=\"font-size: 12pt\">\u00a0<img loading=\"lazy\" decoding=\"async\" class=\"alignnone wp-image-124100\" src=\"https:\/\/diarioregionaldigital.com.br\/wp-content\/uploads\/2018\/10\/FOTO-4-213x300.jpg\" alt=\"\" width=\"184\" height=\"260\" srcset=\"https:\/\/diarioregionaldigital.com.br\/wp-content\/uploads\/2018\/10\/FOTO-4-213x300.jpg 213w, https:\/\/diarioregionaldigital.com.br\/wp-content\/uploads\/2018\/10\/FOTO-4-768x1080.jpg 768w, https:\/\/diarioregionaldigital.com.br\/wp-content\/uploads\/2018\/10\/FOTO-4-728x1024.jpg 728w, https:\/\/diarioregionaldigital.com.br\/wp-content\/uploads\/2018\/10\/FOTO-4-360x506.jpg 360w, https:\/\/diarioregionaldigital.com.br\/wp-content\/uploads\/2018\/10\/FOTO-4.jpg 910w\" sizes=\"auto, (max-width: 184px) 100vw, 184px\" \/>\u00a0 \u00a0 \u00a0 \u00a0 \u00a0 \u00a0 \u00a0 \u00a0 \u00a0<img loading=\"lazy\" decoding=\"async\" class=\"alignnone wp-image-124102\" src=\"https:\/\/diarioregionaldigital.com.br\/wp-content\/uploads\/2018\/10\/FOTO-5-218x300.jpg\" alt=\"\" width=\"190\" height=\"261\" srcset=\"https:\/\/diarioregionaldigital.com.br\/wp-content\/uploads\/2018\/10\/FOTO-5-218x300.jpg 218w, https:\/\/diarioregionaldigital.com.br\/wp-content\/uploads\/2018\/10\/FOTO-5-768x1058.jpg 768w, https:\/\/diarioregionaldigital.com.br\/wp-content\/uploads\/2018\/10\/FOTO-5-743x1024.jpg 743w, https:\/\/diarioregionaldigital.com.br\/wp-content\/uploads\/2018\/10\/FOTO-5-360x496.jpg 360w, https:\/\/diarioregionaldigital.com.br\/wp-content\/uploads\/2018\/10\/FOTO-5.jpg 901w\" sizes=\"auto, (max-width: 190px) 100vw, 190px\" \/><\/span><\/p>\n<p style=\"text-align: center\"><span style=\"font-size: 12pt\"><strong>A VIDA \u00c9 ROSA <\/strong><\/span><\/p>\n<p><span style=\"font-size: 12pt\">Voc\u00ea usou rosa em outubro ?! O movimento anual de combate ao c\u00e2ncer de mama est\u00e1 chegando ao fim, mas a conscientiza\u00e7\u00e3o \u00e9 o ano todo! Fa\u00e7a a sua parte, sempre que puder use rosa e lembre a algu\u00e9m que voc\u00ea ama a import\u00e2ncia da preven\u00e7\u00e3o.\u00a0<\/span><\/p>\n<p>&nbsp;<\/p>\n<p><span style=\"font-size: 12pt\"><img loading=\"lazy\" decoding=\"async\" class=\"alignnone size-medium wp-image-124103\" src=\"https:\/\/diarioregionaldigital.com.br\/wp-content\/uploads\/2018\/10\/FOTO-6-198x300.jpg\" alt=\"\" width=\"198\" height=\"300\" srcset=\"https:\/\/diarioregionaldigital.com.br\/wp-content\/uploads\/2018\/10\/FOTO-6-198x300.jpg 198w, https:\/\/diarioregionaldigital.com.br\/wp-content\/uploads\/2018\/10\/FOTO-6-360x544.jpg 360w, https:\/\/diarioregionaldigital.com.br\/wp-content\/uploads\/2018\/10\/FOTO-6.jpg 600w\" sizes=\"auto, (max-width: 198px) 100vw, 198px\" \/><\/span><\/p>\n<p>&nbsp;<\/p>\n<p><span style=\"font-size: 12pt\">O mais forte \u00e9 uma cor que favorece e levanta, e chama muito a aten\u00e7\u00e3o. Rosa d\u00e1 certo com os tons neutros, com o preto fica mais tradicional, e o ton sur ton (v\u00e1rios tons da mesma cor no mesmo look) deixa bem moderno.\u00a0<\/span><\/p>\n<p><span style=\"font-size: 12pt\"><img loading=\"lazy\" decoding=\"async\" class=\"alignnone size-medium wp-image-124104\" src=\"https:\/\/diarioregionaldigital.com.br\/wp-content\/uploads\/2018\/10\/FOTO-7-138x300.jpg\" alt=\"\" width=\"138\" height=\"300\" srcset=\"https:\/\/diarioregionaldigital.com.br\/wp-content\/uploads\/2018\/10\/FOTO-7-138x300.jpg 138w, https:\/\/diarioregionaldigital.com.br\/wp-content\/uploads\/2018\/10\/FOTO-7.jpg 236w\" sizes=\"auto, (max-width: 138px) 100vw, 138px\" \/><\/span><\/p>\n<p>&nbsp;<\/p>\n<p><span style=\"font-size: 12pt\">O metalizado funciona sempre , assim como o nude e outros tons claros . Rosa \u00e9 uma cor forte , que marca , um depoimento de muita feminilidade e funciona para todas as pe\u00e7as : das camisetas aos vestidos de festa .<\/span><\/p>\n<p><span style=\"font-size: 12pt\">Se voc\u00ea acha rosa muito menininha, adicione uma T-shirt ou combine com pe\u00e7as masculinas para deixar mais casual e balancear a produ\u00e7\u00e3o . Preste aten\u00e7\u00e3o nas estampas, elas ajudam a quebrar o look totalmente rosa\u00a0 .\u00a0<\/span><\/p>\n<p><span style=\"font-size: 12pt\"><img loading=\"lazy\" decoding=\"async\" class=\"alignnone size-medium wp-image-124105\" src=\"https:\/\/diarioregionaldigital.com.br\/wp-content\/uploads\/2018\/10\/FOTO-8-200x300.jpg\" alt=\"\" width=\"200\" height=\"300\" srcset=\"https:\/\/diarioregionaldigital.com.br\/wp-content\/uploads\/2018\/10\/FOTO-8-200x300.jpg 200w, https:\/\/diarioregionaldigital.com.br\/wp-content\/uploads\/2018\/10\/FOTO-8-360x541.jpg 360w, https:\/\/diarioregionaldigital.com.br\/wp-content\/uploads\/2018\/10\/FOTO-8.jpg 482w\" sizes=\"auto, (max-width: 200px) 100vw, 200px\" \/><\/span><\/p>\n<p>&nbsp;<\/p>\n<p style=\"text-align: center\"><span style=\"font-size: 12pt\"><strong>CLICK IN MODA<\/strong><\/span><\/p>\n<p><span style=\"font-size: 12pt\"><img loading=\"lazy\" decoding=\"async\" class=\"alignnone size-medium wp-image-124099\" src=\"https:\/\/diarioregionaldigital.com.br\/wp-content\/uploads\/2018\/10\/CLICK-IN-MODA-1-217x300.jpg\" alt=\"\" width=\"217\" height=\"300\" srcset=\"https:\/\/diarioregionaldigital.com.br\/wp-content\/uploads\/2018\/10\/CLICK-IN-MODA-1-217x300.jpg 217w, https:\/\/diarioregionaldigital.com.br\/wp-content\/uploads\/2018\/10\/CLICK-IN-MODA-1-360x500.jpg 360w, https:\/\/diarioregionaldigital.com.br\/wp-content\/uploads\/2018\/10\/CLICK-IN-MODA-1.jpg 717w\" sizes=\"auto, (max-width: 217px) 100vw, 217px\" \/><\/span><\/p>\n<p style=\"text-align: center\"><span style=\"font-size: 12pt\">No clima do Outubro Rosa, o click de Marcela Fabri para minha produ\u00e7\u00e3o com look Vert, acess\u00f3rios Luz de Maria, beleza Jael P\u00edfano e equipe .<\/span><\/p>\n<p>&nbsp;<\/p>\n<p style=\"text-align: center\"><span style=\"font-size: 12pt\"><strong>RADAR JF<\/strong><\/span><\/p>\n<p><span style=\"font-size: 12pt\">A Skunk , marca ic\u00f4nica de JF, marca presen\u00e7a no MInas Trend , que acontece de 29\/10 \u00e0 primeiro de novembro em BH, com o lan\u00e7amento do preview de outono inverno 2019. A cole\u00e7\u00e3o Conex\u00e3o , ser\u00e1 apresentada exclusivamente para atacado . Sucesso garantido !<\/span><\/p>\n<p>&nbsp;<\/p>\n<p style=\"text-align: right\"><span style=\"font-size: 12pt\"><strong>Colaboradoras:<\/strong><\/span><\/p>\n<p style=\"text-align: right\"><span style=\"font-size: 12pt\">Deusiane Ladeira<\/span><\/p>\n<p style=\"text-align: right\"><span style=\"font-size: 12pt\">Maria Eduarda Ver\u00edssimo<\/span><\/p>\n<p style=\"text-align: right\"><span style=\"font-size: 12pt\">Mariana Assad<\/span><\/p>\n","protected":false},"excerpt":{"rendered":"<p>OUTUBRO ROSA Desfile valoriza identidade feminina e conscientiza sobre a import\u00e2ncia da preven\u00e7\u00e3o. \u00a0 \u00a0 \u00a0 O curso de Design de Moda do Centro Universit\u00e1rio Est\u00e1cio Juiz de Fora, em parceria com a Ascomcer, realizou mais uma edi\u00e7\u00e3o do desfile Outubro Rosa. &nbsp; &nbsp; \u00a0O evento \u00e9 voltado para a conscientiza\u00e7\u00e3o da preven\u00e7\u00e3o ao c\u00e2ncer [&hellip;]<\/p>\n","protected":false},"author":96,"featured_media":0,"comment_status":"closed","ping_status":"closed","sticky":false,"template":"","format":"standard","meta":{"footnotes":""},"categories":[285],"tags":[],"class_list":["post-124095","post","type-post","status-publish","format-standard","hentry","category-moda-ana-paula-calixto"],"_links":{"self":[{"href":"https:\/\/diarioregionaldigital.com.br\/index.php?rest_route=\/wp\/v2\/posts\/124095","targetHints":{"allow":["GET"]}}],"collection":[{"href":"https:\/\/diarioregionaldigital.com.br\/index.php?rest_route=\/wp\/v2\/posts"}],"about":[{"href":"https:\/\/diarioregionaldigital.com.br\/index.php?rest_route=\/wp\/v2\/types\/post"}],"author":[{"embeddable":true,"href":"https:\/\/diarioregionaldigital.com.br\/index.php?rest_route=\/wp\/v2\/users\/96"}],"replies":[{"embeddable":true,"href":"https:\/\/diarioregionaldigital.com.br\/index.php?rest_route=%2Fwp%2Fv2%2Fcomments&post=124095"}],"version-history":[{"count":0,"href":"https:\/\/diarioregionaldigital.com.br\/index.php?rest_route=\/wp\/v2\/posts\/124095\/revisions"}],"wp:attachment":[{"href":"https:\/\/diarioregionaldigital.com.br\/index.php?rest_route=%2Fwp%2Fv2%2Fmedia&parent=124095"}],"wp:term":[{"taxonomy":"category","embeddable":true,"href":"https:\/\/diarioregionaldigital.com.br\/index.php?rest_route=%2Fwp%2Fv2%2Fcategories&post=124095"},{"taxonomy":"post_tag","embeddable":true,"href":"https:\/\/diarioregionaldigital.com.br\/index.php?rest_route=%2Fwp%2Fv2%2Ftags&post=124095"}],"curies":[{"name":"wp","href":"https:\/\/api.w.org\/{rel}","templated":true}]}}