{"id":124082,"date":"2018-10-27T15:28:18","date_gmt":"2018-10-27T17:28:18","guid":{"rendered":"https:\/\/diarioregionaldigital.com.br\/?p=124082"},"modified":"2018-10-27T15:28:18","modified_gmt":"2018-10-27T17:28:18","slug":"eleitores-poderao-justificar-ausencia-na-votacao-em-nove-aeroportos","status":"publish","type":"post","link":"https:\/\/diarioregionaldigital.com.br\/?p=124082","title":{"rendered":"Eleitores poder\u00e3o justificar aus\u00eancia na vota\u00e7\u00e3o em nove aeroportos"},"content":{"rendered":"<p>Os eleitores que quiserem justificar e est\u00e3o com viagem de avi\u00e3o marcada para este domingo, 28, ter\u00e3o oportunidade de procurar os postos em nove aeroportos do pa\u00eds. Os postos funcionam no mesmo hor\u00e1rio da vota\u00e7\u00e3o de 8h \u00e0s 17h.<\/p>\n<p>H\u00e1 postos organizados nos aeroportos de Aracaju, Bel\u00e9m, Cuiab\u00e1, Goi\u00e2nia, Macei\u00f3, Recife, Teresina, Vit\u00f3ria e Uberl\u00e2ndia (MG).<\/p>\n<p>Para justificar a aus\u00eancia, o eleitor deve levar um documento oficial com foto, o t\u00edtulo de eleitor ou o n\u00famero do documento, e o requerimento de justificativa eleitoral preenchido \u2013 que est\u00e1 dispon\u00edvel no\u00a0<a href=\"http:\/\/www.tse.jus.br\/\">site do Tribunal Superior Eleitoral\u00a0<\/a>e nos postos de justificativa.<\/p>\n<p>Fonte: Ag\u00eancia Brasil<\/p>\n","protected":false},"excerpt":{"rendered":"<p>Os eleitores que quiserem justificar e est\u00e3o com viagem de avi\u00e3o marcada para este domingo, 28, ter\u00e3o oportunidade de procurar os postos em nove aeroportos do pa\u00eds. Os postos funcionam no mesmo hor\u00e1rio da vota\u00e7\u00e3o de 8h \u00e0s 17h. H\u00e1 postos organizados nos aeroportos de Aracaju, Bel\u00e9m, Cuiab\u00e1, Goi\u00e2nia, Macei\u00f3, Recife, Teresina, Vit\u00f3ria e Uberl\u00e2ndia [&hellip;]<\/p>\n","protected":false},"author":96,"featured_media":115035,"comment_status":"closed","ping_status":"closed","sticky":false,"template":"","format":"standard","meta":{"footnotes":""},"categories":[302,436,254,439],"tags":[],"class_list":["post-124082","post","type-post","status-publish","format-standard","has-post-thumbnail","hentry","category-brasil-mundo","category-destaque-da-semana","category-politica","category-ultima-hora"],"_links":{"self":[{"href":"https:\/\/diarioregionaldigital.com.br\/index.php?rest_route=\/wp\/v2\/posts\/124082","targetHints":{"allow":["GET"]}}],"collection":[{"href":"https:\/\/diarioregionaldigital.com.br\/index.php?rest_route=\/wp\/v2\/posts"}],"about":[{"href":"https:\/\/diarioregionaldigital.com.br\/index.php?rest_route=\/wp\/v2\/types\/post"}],"author":[{"embeddable":true,"href":"https:\/\/diarioregionaldigital.com.br\/index.php?rest_route=\/wp\/v2\/users\/96"}],"replies":[{"embeddable":true,"href":"https:\/\/diarioregionaldigital.com.br\/index.php?rest_route=%2Fwp%2Fv2%2Fcomments&post=124082"}],"version-history":[{"count":0,"href":"https:\/\/diarioregionaldigital.com.br\/index.php?rest_route=\/wp\/v2\/posts\/124082\/revisions"}],"wp:featuredmedia":[{"embeddable":true,"href":"https:\/\/diarioregionaldigital.com.br\/index.php?rest_route=\/wp\/v2\/media\/115035"}],"wp:attachment":[{"href":"https:\/\/diarioregionaldigital.com.br\/index.php?rest_route=%2Fwp%2Fv2%2Fmedia&parent=124082"}],"wp:term":[{"taxonomy":"category","embeddable":true,"href":"https:\/\/diarioregionaldigital.com.br\/index.php?rest_route=%2Fwp%2Fv2%2Fcategories&post=124082"},{"taxonomy":"post_tag","embeddable":true,"href":"https:\/\/diarioregionaldigital.com.br\/index.php?rest_route=%2Fwp%2Fv2%2Ftags&post=124082"}],"curies":[{"name":"wp","href":"https:\/\/api.w.org\/{rel}","templated":true}]}}