{"id":124073,"date":"2018-10-27T13:34:41","date_gmt":"2018-10-27T15:34:41","guid":{"rendered":"https:\/\/diarioregionaldigital.com.br\/?p=124073"},"modified":"2018-10-27T13:34:41","modified_gmt":"2018-10-27T15:34:41","slug":"instalacao-de-macromedidor-no-teixeiras-pode-afetar-abastecimento-de-agua-na-regiao","status":"publish","type":"post","link":"https:\/\/diarioregionaldigital.com.br\/?p=124073","title":{"rendered":"Instala\u00e7\u00e3o de macromedidor no Teixeiras pode afetar abastecimento de \u00e1gua na regi\u00e3o"},"content":{"rendered":"<p>Na pr\u00f3xima segunda-feira, 29, a Companhia de Saneamento Municipal (Cesama) instalar\u00e1 um macromedidor na Rua Celso Martins Vaz, 115, no Bairro Teixeiras. Os trabalhos, que ser\u00e3o realizados das 8 \u00e0s 16 horas, fazem parte do projeto de setoriza\u00e7\u00e3o das zonas de press\u00e3o do sistema da cidade, com o objetivo diminuir o \u00edndice de perdas f\u00edsicas de \u00e1gua. Para execu\u00e7\u00e3o dos servi\u00e7os, ser\u00e1 necess\u00e1rio interromper o abastecimento, podendo comprometer o fornecimento de \u00e1gua nas localidades de Teixeiras, S\u00e3o Domingos, Jardim Li\u00fa, Jardim Laranjeiras, Cascatinha e Avenida Deusdedit Salgado.<\/p>\n<p>A Cesama pede \u00e0 popula\u00e7\u00e3o que economize \u00e1gua durante os trabalhos. Assim que os servi\u00e7os forem conclu\u00eddos, o sistema de abastecimento ser\u00e1 retomado, sendo que a previs\u00e3o \u00e9 de que o fornecimento seja regularizado ainda durante a noite de segunda-feira.<\/p>\n<p>Fonte: Assessoria PJF<\/p>\n","protected":false},"excerpt":{"rendered":"<p>Na pr\u00f3xima segunda-feira, 29, a Companhia de Saneamento Municipal (Cesama) instalar\u00e1 um macromedidor na Rua Celso Martins Vaz, 115, no Bairro Teixeiras. Os trabalhos, que ser\u00e3o realizados das 8 \u00e0s 16 horas, fazem parte do projeto de setoriza\u00e7\u00e3o das zonas de press\u00e3o do sistema da cidade, com o objetivo diminuir o \u00edndice de perdas f\u00edsicas [&hellip;]<\/p>\n","protected":false},"author":96,"featured_media":124074,"comment_status":"closed","ping_status":"closed","sticky":false,"template":"","format":"standard","meta":{"footnotes":""},"categories":[253,436,439],"tags":[],"class_list":["post-124073","post","type-post","status-publish","format-standard","has-post-thumbnail","hentry","category-cidade","category-destaque-da-semana","category-ultima-hora"],"_links":{"self":[{"href":"https:\/\/diarioregionaldigital.com.br\/index.php?rest_route=\/wp\/v2\/posts\/124073","targetHints":{"allow":["GET"]}}],"collection":[{"href":"https:\/\/diarioregionaldigital.com.br\/index.php?rest_route=\/wp\/v2\/posts"}],"about":[{"href":"https:\/\/diarioregionaldigital.com.br\/index.php?rest_route=\/wp\/v2\/types\/post"}],"author":[{"embeddable":true,"href":"https:\/\/diarioregionaldigital.com.br\/index.php?rest_route=\/wp\/v2\/users\/96"}],"replies":[{"embeddable":true,"href":"https:\/\/diarioregionaldigital.com.br\/index.php?rest_route=%2Fwp%2Fv2%2Fcomments&post=124073"}],"version-history":[{"count":0,"href":"https:\/\/diarioregionaldigital.com.br\/index.php?rest_route=\/wp\/v2\/posts\/124073\/revisions"}],"wp:featuredmedia":[{"embeddable":true,"href":"https:\/\/diarioregionaldigital.com.br\/index.php?rest_route=\/wp\/v2\/media\/124074"}],"wp:attachment":[{"href":"https:\/\/diarioregionaldigital.com.br\/index.php?rest_route=%2Fwp%2Fv2%2Fmedia&parent=124073"}],"wp:term":[{"taxonomy":"category","embeddable":true,"href":"https:\/\/diarioregionaldigital.com.br\/index.php?rest_route=%2Fwp%2Fv2%2Fcategories&post=124073"},{"taxonomy":"post_tag","embeddable":true,"href":"https:\/\/diarioregionaldigital.com.br\/index.php?rest_route=%2Fwp%2Fv2%2Ftags&post=124073"}],"curies":[{"name":"wp","href":"https:\/\/api.w.org\/{rel}","templated":true}]}}