{"id":124067,"date":"2018-10-27T12:50:53","date_gmt":"2018-10-27T14:50:53","guid":{"rendered":"https:\/\/diarioregionaldigital.com.br\/?p=124067"},"modified":"2018-10-27T12:50:53","modified_gmt":"2018-10-27T14:50:53","slug":"mec-muda-regras-para-expedicao-de-diplomas-de-graduacao","status":"publish","type":"post","link":"https:\/\/diarioregionaldigital.com.br\/?p=124067","title":{"rendered":"MEC muda regras para expedi\u00e7\u00e3o de diplomas de gradua\u00e7\u00e3o"},"content":{"rendered":"<p>O Minist\u00e9rio da Educa\u00e7\u00e3o (MEC), estabeleceu novas regras para expedi\u00e7\u00e3o e registro de diplomas de gradua\u00e7\u00e3o. Agora, as faculdades e universidades do sistema federal de ensino ter\u00e3o que publicar no Di\u00e1rio Oficial da Uni\u00e3o informa\u00e7\u00f5es sobre os diplomas registrados e manter informa\u00e7\u00f5es detalhadas para consulta p\u00fablica nos pr\u00f3prios sites. As mudan\u00e7as\u00a0<a href=\"http:\/\/portal.mec.gov.br\/index.php?option=com_docman&amp;view=download&amp;alias=100081-portaria-diplomas&amp;category_slug=outubro-2018-pdf-1&amp;Itemid=30192]\" target=\"_blank\" rel=\"noopener\">foram publicadas no Di\u00e1rio Oficial da Uni\u00e3o<\/a>.<\/p>\n<p>De acordo com o MEC, o objetivo \u00e9 reduzir o risco de fraudes e conferir maior seguran\u00e7a nos procedimentos internos das institui\u00e7\u00f5es de educa\u00e7\u00e3o superior. As institui\u00e7\u00f5es ter\u00e3o um prazo de 180 dias para se adequar \u00e0s novas regras.<\/p>\n<p>Entre as mudan\u00e7as est\u00e1 a exig\u00eancia de um termo de responsabilidade a ser assinado pelas institui\u00e7\u00f5es de educa\u00e7\u00e3o superior e prazos para a expedi\u00e7\u00e3o e o registro dos diplomas. As institui\u00e7\u00f5es tamb\u00e9m dever\u00e3o cancelar diplomas irregulares quando detectarem v\u00edcios nos procedimentos de expedi\u00e7\u00e3o e registro e dar publicidade dos diplomas cancelados.<\/p>\n<p>Outra altera\u00e7\u00e3o \u00e9 que o verso do diploma dever\u00e1 trazer a identifica\u00e7\u00e3o da mantenedora da institui\u00e7\u00e3o de educa\u00e7\u00e3o superior. A expedi\u00e7\u00e3o e o registro da primeira via do diploma, do hist\u00f3rico escolar final e do certificado de conclus\u00e3o de curso seguem gratuitos.<\/p>\n<p>&nbsp;<\/p>\n<p>Fonte: Ag\u00eancia Brasil<\/p>\n","protected":false},"excerpt":{"rendered":"<p>O Minist\u00e9rio da Educa\u00e7\u00e3o (MEC), estabeleceu novas regras para expedi\u00e7\u00e3o e registro de diplomas de gradua\u00e7\u00e3o. Agora, as faculdades e universidades do sistema federal de ensino ter\u00e3o que publicar no Di\u00e1rio Oficial da Uni\u00e3o informa\u00e7\u00f5es sobre os diplomas registrados e manter informa\u00e7\u00f5es detalhadas para consulta p\u00fablica nos pr\u00f3prios sites. As mudan\u00e7as\u00a0foram publicadas no Di\u00e1rio Oficial [&hellip;]<\/p>\n","protected":false},"author":96,"featured_media":124068,"comment_status":"closed","ping_status":"closed","sticky":false,"template":"","format":"standard","meta":{"footnotes":""},"categories":[302,436,439],"tags":[],"class_list":["post-124067","post","type-post","status-publish","format-standard","has-post-thumbnail","hentry","category-brasil-mundo","category-destaque-da-semana","category-ultima-hora"],"_links":{"self":[{"href":"https:\/\/diarioregionaldigital.com.br\/index.php?rest_route=\/wp\/v2\/posts\/124067","targetHints":{"allow":["GET"]}}],"collection":[{"href":"https:\/\/diarioregionaldigital.com.br\/index.php?rest_route=\/wp\/v2\/posts"}],"about":[{"href":"https:\/\/diarioregionaldigital.com.br\/index.php?rest_route=\/wp\/v2\/types\/post"}],"author":[{"embeddable":true,"href":"https:\/\/diarioregionaldigital.com.br\/index.php?rest_route=\/wp\/v2\/users\/96"}],"replies":[{"embeddable":true,"href":"https:\/\/diarioregionaldigital.com.br\/index.php?rest_route=%2Fwp%2Fv2%2Fcomments&post=124067"}],"version-history":[{"count":0,"href":"https:\/\/diarioregionaldigital.com.br\/index.php?rest_route=\/wp\/v2\/posts\/124067\/revisions"}],"wp:featuredmedia":[{"embeddable":true,"href":"https:\/\/diarioregionaldigital.com.br\/index.php?rest_route=\/wp\/v2\/media\/124068"}],"wp:attachment":[{"href":"https:\/\/diarioregionaldigital.com.br\/index.php?rest_route=%2Fwp%2Fv2%2Fmedia&parent=124067"}],"wp:term":[{"taxonomy":"category","embeddable":true,"href":"https:\/\/diarioregionaldigital.com.br\/index.php?rest_route=%2Fwp%2Fv2%2Fcategories&post=124067"},{"taxonomy":"post_tag","embeddable":true,"href":"https:\/\/diarioregionaldigital.com.br\/index.php?rest_route=%2Fwp%2Fv2%2Ftags&post=124067"}],"curies":[{"name":"wp","href":"https:\/\/api.w.org\/{rel}","templated":true}]}}