{"id":124027,"date":"2018-10-28T06:00:37","date_gmt":"2018-10-28T08:00:37","guid":{"rendered":"https:\/\/diarioregionaldigital.com.br\/?p=124027"},"modified":"2018-10-27T00:12:42","modified_gmt":"2018-10-27T02:12:42","slug":"edital-de-convocacao-rg-convocacao-age-em-07-11-2018-com-solar-28-10-18","status":"publish","type":"post","link":"https:\/\/diarioregionaldigital.com.br\/?p=124027","title":{"rendered":"Edital de Convoca\u00e7\u00e3o R&#038;G &#8211; Convoca\u00e7\u00e3o Age Em 07.11.2018 &#8211; Com. Solar 28\/10\/18"},"content":{"rendered":"<p><img loading=\"lazy\" decoding=\"async\" class=\"aligncenter wp-image-124018\" src=\"https:\/\/diarioregionaldigital.com.br\/wp-content\/uploads\/2018\/10\/EDITAL-DE-CONVOCA\u00c7\u00c3O-RG-CONVOCA\u00c7AO-AGE-EM-07.11.2018-COM.jpg\" alt=\"\" width=\"500\" height=\"694\" srcset=\"https:\/\/diarioregionaldigital.com.br\/wp-content\/uploads\/2018\/10\/EDITAL-DE-CONVOCA\u00c7\u00c3O-RG-CONVOCA\u00c7AO-AGE-EM-07.11.2018-COM.jpg 1436w, https:\/\/diarioregionaldigital.com.br\/wp-content\/uploads\/2018\/10\/EDITAL-DE-CONVOCA\u00c7\u00c3O-RG-CONVOCA\u00c7AO-AGE-EM-07.11.2018-COM-216x300.jpg 216w, https:\/\/diarioregionaldigital.com.br\/wp-content\/uploads\/2018\/10\/EDITAL-DE-CONVOCA\u00c7\u00c3O-RG-CONVOCA\u00c7AO-AGE-EM-07.11.2018-COM-768x1065.jpg 768w, https:\/\/diarioregionaldigital.com.br\/wp-content\/uploads\/2018\/10\/EDITAL-DE-CONVOCA\u00c7\u00c3O-RG-CONVOCA\u00c7AO-AGE-EM-07.11.2018-COM-738x1024.jpg 738w, https:\/\/diarioregionaldigital.com.br\/wp-content\/uploads\/2018\/10\/EDITAL-DE-CONVOCA\u00c7\u00c3O-RG-CONVOCA\u00c7AO-AGE-EM-07.11.2018-COM-360x500.jpg 360w\" sizes=\"auto, (max-width: 500px) 100vw, 500px\" \/><\/p>\n","protected":false},"excerpt":{"rendered":"","protected":false},"author":96,"featured_media":0,"comment_status":"closed","ping_status":"closed","sticky":false,"template":"","format":"standard","meta":{"footnotes":""},"categories":[307],"tags":[],"class_list":["post-124027","post","type-post","status-publish","format-standard","hentry","category-editais"],"_links":{"self":[{"href":"https:\/\/diarioregionaldigital.com.br\/index.php?rest_route=\/wp\/v2\/posts\/124027","targetHints":{"allow":["GET"]}}],"collection":[{"href":"https:\/\/diarioregionaldigital.com.br\/index.php?rest_route=\/wp\/v2\/posts"}],"about":[{"href":"https:\/\/diarioregionaldigital.com.br\/index.php?rest_route=\/wp\/v2\/types\/post"}],"author":[{"embeddable":true,"href":"https:\/\/diarioregionaldigital.com.br\/index.php?rest_route=\/wp\/v2\/users\/96"}],"replies":[{"embeddable":true,"href":"https:\/\/diarioregionaldigital.com.br\/index.php?rest_route=%2Fwp%2Fv2%2Fcomments&post=124027"}],"version-history":[{"count":0,"href":"https:\/\/diarioregionaldigital.com.br\/index.php?rest_route=\/wp\/v2\/posts\/124027\/revisions"}],"wp:attachment":[{"href":"https:\/\/diarioregionaldigital.com.br\/index.php?rest_route=%2Fwp%2Fv2%2Fmedia&parent=124027"}],"wp:term":[{"taxonomy":"category","embeddable":true,"href":"https:\/\/diarioregionaldigital.com.br\/index.php?rest_route=%2Fwp%2Fv2%2Fcategories&post=124027"},{"taxonomy":"post_tag","embeddable":true,"href":"https:\/\/diarioregionaldigital.com.br\/index.php?rest_route=%2Fwp%2Fv2%2Ftags&post=124027"}],"curies":[{"name":"wp","href":"https:\/\/api.w.org\/{rel}","templated":true}]}}