{"id":123998,"date":"2018-10-26T15:53:53","date_gmt":"2018-10-26T17:53:53","guid":{"rendered":"https:\/\/diarioregionaldigital.com.br\/?p=123998"},"modified":"2018-10-26T16:26:39","modified_gmt":"2018-10-26T18:26:39","slug":"sinttro-se-posiciona-contra-a-dupla-funcao-de-motoristas-de-transporte-coletivo","status":"publish","type":"post","link":"https:\/\/diarioregionaldigital.com.br\/?p=123998","title":{"rendered":"Sinttro se posiciona contra a dupla fun\u00e7\u00e3o de motoristas de transporte coletivo"},"content":{"rendered":"<p>O sindicato dos Trabalhadores em Empresas de Transporte Coletivo Urbano Intermunicipal, Interestadual, Fretamento e Turismo de Juiz de Fora (Sinttro) utilizou nessa quinta-feira, 25, a Tribuna Livre \u201cVereador Natanael El\u00f3i do Amaral\u201d para tratar da fun\u00e7\u00e3o do motorista e a retirada do cobrador.<\/p>\n<p>O presidente do sindicato, Vagner Evangelista Correa, apresentou a preocupa\u00e7\u00e3o da classe mediante a possibilidade da retirada dos cobradores. De acordo com ele, a dupla fun\u00e7\u00e3o poder\u00e1 prejudicar tanto os motoristas, quanto a popula\u00e7\u00e3o. \u201cN\u00e3o podemos permitir tal situa\u00e7\u00e3o. Isso pode ocasionar v\u00e1rios problemas, dentre eles a falta de aten\u00e7\u00e3o no tr\u00e2nsito, vandalismo, atrasos, al\u00e9m de prejudicar a sa\u00fade do motorista com estresses e problemas psicol\u00f3gicos\u201d, disse.<\/p>\n<p>Vagner tamb\u00e9m destacou que o cobrador auxilia o motorista em diversos aspectos, sendo fundamental sua perman\u00eancia nos coletivos. \u201cOs cobradores nos ajudam na utiliza\u00e7\u00e3o dos elevadores, na cobran\u00e7a das passagens, para que n\u00e3o haja atrasos durante a viagem, nas manobras, al\u00e9m de ajudar as pessoas de dificuldades de locomo\u00e7\u00e3o. Eles s\u00e3o essenciais para que o transporte coletivo tenha um bom andamento na cidade\u201d, concluiu.<\/p>\n<p>Ele destacou, ainda, que a classe enfrenta diversas viol\u00eancias nos coletivos urbanos, dentre elas, o assalto que tem sido frequente nos \u00faltimos meses no munic\u00edpio. \u201cIsso s\u00f3 aumenta o risco de vida do trabalhador. Por isso, n\u00e3o estamos pedindo, que uma lei seja feita no munic\u00edpio proibindo esta atividade dupla na cidade\u201d, declarou.<\/p>\n<p>O secret\u00e1rio do sindicato Franklin Wilson Floriano Nunes destacou as p\u00e9ssimas condi\u00e7\u00f5es que o transporte coletivo enfrenta hoje, mesmo ap\u00f3s o processo licitat\u00f3rio ocorrido no ano de 2016. \u201cInfelizmente n\u00e3o temos transporte de qualidade na cidade, e isso, prejudica n\u00e3o somente nos trabalhadores, mas a popula\u00e7\u00e3o\u201d, disse.<\/p>\n<p>Os vereadores Adriano Miranda (PHS), Kennedy Ribeiro (MD), Castelar (PT), Ana do Pde Frederico (MDB), Sargento Melo (Casal-PTB), sa\u00edram em favor dos trabalhadores e foram favor\u00e1veis para que a continua\u00e7\u00e3o dos cobradores no transporte coletivo.<\/p>\n<p>&nbsp;<\/p>\n<p>Fonte: Assessoria\/ C\u00e2mara<\/p>\n","protected":false},"excerpt":{"rendered":"<p>O sindicato dos Trabalhadores em Empresas de Transporte Coletivo Urbano Intermunicipal, Interestadual, Fretamento e Turismo de Juiz de Fora (Sinttro) utilizou nessa quinta-feira, 25, a Tribuna Livre \u201cVereador Natanael El\u00f3i do Amaral\u201d para tratar da fun\u00e7\u00e3o do motorista e a retirada do cobrador. O presidente do sindicato, Vagner Evangelista Correa, apresentou a preocupa\u00e7\u00e3o da classe [&hellip;]<\/p>\n","protected":false},"author":96,"featured_media":117573,"comment_status":"closed","ping_status":"closed","sticky":false,"template":"","format":"standard","meta":{"footnotes":""},"categories":[253,436,440,439],"tags":[],"class_list":["post-123998","post","type-post","status-publish","format-standard","has-post-thumbnail","hentry","category-cidade","category-destaque-da-semana","category-destaques-do-dia","category-ultima-hora"],"_links":{"self":[{"href":"https:\/\/diarioregionaldigital.com.br\/index.php?rest_route=\/wp\/v2\/posts\/123998","targetHints":{"allow":["GET"]}}],"collection":[{"href":"https:\/\/diarioregionaldigital.com.br\/index.php?rest_route=\/wp\/v2\/posts"}],"about":[{"href":"https:\/\/diarioregionaldigital.com.br\/index.php?rest_route=\/wp\/v2\/types\/post"}],"author":[{"embeddable":true,"href":"https:\/\/diarioregionaldigital.com.br\/index.php?rest_route=\/wp\/v2\/users\/96"}],"replies":[{"embeddable":true,"href":"https:\/\/diarioregionaldigital.com.br\/index.php?rest_route=%2Fwp%2Fv2%2Fcomments&post=123998"}],"version-history":[{"count":0,"href":"https:\/\/diarioregionaldigital.com.br\/index.php?rest_route=\/wp\/v2\/posts\/123998\/revisions"}],"wp:featuredmedia":[{"embeddable":true,"href":"https:\/\/diarioregionaldigital.com.br\/index.php?rest_route=\/wp\/v2\/media\/117573"}],"wp:attachment":[{"href":"https:\/\/diarioregionaldigital.com.br\/index.php?rest_route=%2Fwp%2Fv2%2Fmedia&parent=123998"}],"wp:term":[{"taxonomy":"category","embeddable":true,"href":"https:\/\/diarioregionaldigital.com.br\/index.php?rest_route=%2Fwp%2Fv2%2Fcategories&post=123998"},{"taxonomy":"post_tag","embeddable":true,"href":"https:\/\/diarioregionaldigital.com.br\/index.php?rest_route=%2Fwp%2Fv2%2Ftags&post=123998"}],"curies":[{"name":"wp","href":"https:\/\/api.w.org\/{rel}","templated":true}]}}