{"id":123995,"date":"2018-10-26T15:47:18","date_gmt":"2018-10-26T17:47:18","guid":{"rendered":"https:\/\/diarioregionaldigital.com.br\/?p=123995"},"modified":"2018-10-26T16:26:55","modified_gmt":"2018-10-26T18:26:55","slug":"campanha-de-vacinacao-antirrabica-imuniza-793-dos-caes-e-gatos-na-cidade","status":"publish","type":"post","link":"https:\/\/diarioregionaldigital.com.br\/?p=123995","title":{"rendered":"\u201cCampanha de Vacina\u00e7\u00e3o Antirr\u00e1bica&#8221; imuniza 79,3% dos c\u00e3es e gatos na cidade"},"content":{"rendered":"<p>A \u201cCampanha de Vacina\u00e7\u00e3o Antirr\u00e1bica\u201d oferecida pelo Setor de Zoonoses do Departamento de Vigil\u00e2ncia Epidemiol\u00f3gica e Ambiental (Dvea) da Secretaria de Sa\u00fade (SS) atingiu 79,3% do p\u00fablico-alvo neste ano. Na segunda etapa da campanha, realizada no \u00faltimo s\u00e1bado, 20, foram imunizados 4.558 c\u00e3es e 1.053 gatos na zona urbana da cidade.<\/p>\n<p>De acordo com o gerente do Departamento de Zoonoses da Subsecretaria de Vigil\u00e2ncia em Sa\u00fade, Jos\u00e9 Geraldo de Castro J\u00fanior, conforme j\u00e1 ocorre tradicionalmente, o movimento maior nos postos de vacina\u00e7\u00e3o ficou por conta dos animais que perderam a primeira fase da campanha. Na primeira etapa da \u00e1rea urbana e rural, 56.474 c\u00e3es e 8.446 gatos foram imunizados.<\/p>\n<p>A meta estipulada para o munic\u00edpio \u00e9 de 80%.<\/p>\n<p>Fonte: Assessoria\/ PJF<\/p>\n","protected":false},"excerpt":{"rendered":"<p>A \u201cCampanha de Vacina\u00e7\u00e3o Antirr\u00e1bica\u201d oferecida pelo Setor de Zoonoses do Departamento de Vigil\u00e2ncia Epidemiol\u00f3gica e Ambiental (Dvea) da Secretaria de Sa\u00fade (SS) atingiu 79,3% do p\u00fablico-alvo neste ano. Na segunda etapa da campanha, realizada no \u00faltimo s\u00e1bado, 20, foram imunizados 4.558 c\u00e3es e 1.053 gatos na zona urbana da cidade. De acordo com o [&hellip;]<\/p>\n","protected":false},"author":96,"featured_media":123996,"comment_status":"closed","ping_status":"closed","sticky":false,"template":"","format":"standard","meta":{"footnotes":""},"categories":[253,436,440,439],"tags":[],"class_list":["post-123995","post","type-post","status-publish","format-standard","has-post-thumbnail","hentry","category-cidade","category-destaque-da-semana","category-destaques-do-dia","category-ultima-hora"],"_links":{"self":[{"href":"https:\/\/diarioregionaldigital.com.br\/index.php?rest_route=\/wp\/v2\/posts\/123995","targetHints":{"allow":["GET"]}}],"collection":[{"href":"https:\/\/diarioregionaldigital.com.br\/index.php?rest_route=\/wp\/v2\/posts"}],"about":[{"href":"https:\/\/diarioregionaldigital.com.br\/index.php?rest_route=\/wp\/v2\/types\/post"}],"author":[{"embeddable":true,"href":"https:\/\/diarioregionaldigital.com.br\/index.php?rest_route=\/wp\/v2\/users\/96"}],"replies":[{"embeddable":true,"href":"https:\/\/diarioregionaldigital.com.br\/index.php?rest_route=%2Fwp%2Fv2%2Fcomments&post=123995"}],"version-history":[{"count":0,"href":"https:\/\/diarioregionaldigital.com.br\/index.php?rest_route=\/wp\/v2\/posts\/123995\/revisions"}],"wp:featuredmedia":[{"embeddable":true,"href":"https:\/\/diarioregionaldigital.com.br\/index.php?rest_route=\/wp\/v2\/media\/123996"}],"wp:attachment":[{"href":"https:\/\/diarioregionaldigital.com.br\/index.php?rest_route=%2Fwp%2Fv2%2Fmedia&parent=123995"}],"wp:term":[{"taxonomy":"category","embeddable":true,"href":"https:\/\/diarioregionaldigital.com.br\/index.php?rest_route=%2Fwp%2Fv2%2Fcategories&post=123995"},{"taxonomy":"post_tag","embeddable":true,"href":"https:\/\/diarioregionaldigital.com.br\/index.php?rest_route=%2Fwp%2Fv2%2Ftags&post=123995"}],"curies":[{"name":"wp","href":"https:\/\/api.w.org\/{rel}","templated":true}]}}