{"id":123988,"date":"2018-10-28T06:00:10","date_gmt":"2018-10-28T08:00:10","guid":{"rendered":"https:\/\/diarioregionaldigital.com.br\/?p=123988"},"modified":"2018-10-30T16:33:09","modified_gmt":"2018-10-30T18:33:09","slug":"casa-bethania-uma-decada-de-solidariedade-e-amor-ao-proximo","status":"publish","type":"post","link":"https:\/\/diarioregionaldigital.com.br\/?p=123988","title":{"rendered":"Casa Beth\u00e2nia: uma d\u00e9cada de solidariedade e amor ao pr\u00f3ximo"},"content":{"rendered":"<p><span style=\"font-weight: 400;\">Neste m\u00eas de outubro, a Casa de Passagem e Acolhimento Beth\u00e2nia est\u00e1 comemorando seus 10 anos de exist\u00eancia. Com um servi\u00e7o totalmente gratuito, beneficente e executado por uma equipe de volunt\u00e1rios e de funcion\u00e1rios, seu principal objetivo \u00e9 levar conforto e acolhimento \u00e0s pessoas que est\u00e3o em um momento de vulnerabilidade, em tratamento na \u00e1rea oncol\u00f3gica. <\/span><\/p>\n<p><span style=\"font-weight: 400;\">Durante estes dez anos de exist\u00eancia, o local j\u00e1 atendeu mais de 14 mil pacientes e mais de mil h\u00f3spedes oriundos de 150 munic\u00edpios. <\/span><\/p>\n<p><b>A casa <\/b><\/p>\n<p><span style=\"font-weight: 400;\">A casa de Passagem e Acolhimento Beth\u00e2nia foi fundada pelo Padre David Jos\u00e9 dos Reis, em 2008, que na \u00e9poca era p\u00e1roco da Igreja do Ros\u00e1rio e Capel\u00e3o do Hospital Oncol\u00f3gico. Segundo ele, a motiva\u00e7\u00e3o se deu ao perceber a necessidade de acolher e de ajudar pacientes com c\u00e2ncer, que vinham de outros munic\u00edpios do interior, sem nenhuma refer\u00eancia de Juiz de Fora, no intuito de buscar tratamento nos hospitais da cidade. Sem terem condi\u00e7\u00f5es de se manterem na localidade, o Padre abriu as portas da sua casa para ajud\u00e1-los. N\u00e3o satisfeito, em seguida, foi fundada a primeira casa de passagem na cidade, completando dez anos hoje.<\/span><\/p>\n<div id=\"attachment_123989\" style=\"width: 1290px\" class=\"wp-caption alignnone\"><img loading=\"lazy\" decoding=\"async\" aria-describedby=\"caption-attachment-123989\" class=\"wp-image-123989 size-full\" src=\"https:\/\/diarioregionaldigital.com.br\/wp-content\/uploads\/2018\/10\/43e49c21-ee7f-40ea-adf9-2c3f2d5593a3.jpg\" alt=\"\" width=\"1280\" height=\"853\" srcset=\"https:\/\/diarioregionaldigital.com.br\/wp-content\/uploads\/2018\/10\/43e49c21-ee7f-40ea-adf9-2c3f2d5593a3.jpg 1280w, https:\/\/diarioregionaldigital.com.br\/wp-content\/uploads\/2018\/10\/43e49c21-ee7f-40ea-adf9-2c3f2d5593a3-300x200.jpg 300w, https:\/\/diarioregionaldigital.com.br\/wp-content\/uploads\/2018\/10\/43e49c21-ee7f-40ea-adf9-2c3f2d5593a3-768x512.jpg 768w, https:\/\/diarioregionaldigital.com.br\/wp-content\/uploads\/2018\/10\/43e49c21-ee7f-40ea-adf9-2c3f2d5593a3-1024x682.jpg 1024w, https:\/\/diarioregionaldigital.com.br\/wp-content\/uploads\/2018\/10\/43e49c21-ee7f-40ea-adf9-2c3f2d5593a3-360x240.jpg 360w\" sizes=\"auto, (max-width: 1280px) 100vw, 1280px\" \/><p id=\"caption-attachment-123989\" class=\"wp-caption-text\">Neste m\u00eas o local est\u00e1 comemorando 10 anos de exist\u00eancia. Foto: Rafaela Frutuoso<\/p><\/div>\n<p><span style=\"font-weight: 400;\">\u201cN\u00f3s nos sentimos muito felizes em poder prestar este servi\u00e7o, que \u00e9 necess\u00e1rio para essas pessoas que j\u00e1 vivem um sofrimento muito grande por causa da doen\u00e7a. Tentamos ajud\u00e1-los a aliviar o cansa\u00e7o e outras complica\u00e7\u00f5es por causa do tratamento, tratando-os sempre de maneira mais humana poss\u00edvel\u201d, pontuou o Padre David. <\/span><\/p>\n<p><span style=\"font-weight: 400;\">Dividida em 6 andares, sendo dois para os quartos dos h\u00f3spedes, o local capacita 26 pessoas no total. Desde o primeiro espa\u00e7o, a institui\u00e7\u00e3o j\u00e1 teve tr\u00eas endere\u00e7os de funcionamento. Hoje, ela fica localizada na Rua Santos Dumont, n\u00ba 112, Granbery, regi\u00e3o central de Juiz de Fora. \u00a0<\/span><\/p>\n<p><b>Funcion\u00e1rios\/Volunt\u00e1rios <\/b><\/p>\n<p><span style=\"font-weight: 400;\">Paulo Roberto Massif e Maria Elizabeth acompanharam toda a trajet\u00f3ria da casa de passagem desde a sua cria\u00e7\u00e3o. \u201cS\u00e3o dez anos de muita dedica\u00e7\u00e3o e eu tenho muito apre\u00e7o pelas pessoas de Juiz de Fora, que foram acolhedoras conosco\u201d, disse Maria Elizabeth.<\/span><\/p>\n<div id=\"attachment_123992\" style=\"width: 1290px\" class=\"wp-caption alignnone\"><img loading=\"lazy\" decoding=\"async\" aria-describedby=\"caption-attachment-123992\" class=\"wp-image-123992 size-full\" src=\"https:\/\/diarioregionaldigital.com.br\/wp-content\/uploads\/2018\/10\/ed88b540-f534-4864-81a5-d5b00333abcb.jpg\" alt=\"\" width=\"1280\" height=\"853\" srcset=\"https:\/\/diarioregionaldigital.com.br\/wp-content\/uploads\/2018\/10\/ed88b540-f534-4864-81a5-d5b00333abcb.jpg 1280w, https:\/\/diarioregionaldigital.com.br\/wp-content\/uploads\/2018\/10\/ed88b540-f534-4864-81a5-d5b00333abcb-300x200.jpg 300w, https:\/\/diarioregionaldigital.com.br\/wp-content\/uploads\/2018\/10\/ed88b540-f534-4864-81a5-d5b00333abcb-768x512.jpg 768w, https:\/\/diarioregionaldigital.com.br\/wp-content\/uploads\/2018\/10\/ed88b540-f534-4864-81a5-d5b00333abcb-1024x682.jpg 1024w, https:\/\/diarioregionaldigital.com.br\/wp-content\/uploads\/2018\/10\/ed88b540-f534-4864-81a5-d5b00333abcb-360x240.jpg 360w\" sizes=\"auto, (max-width: 1280px) 100vw, 1280px\" \/><p id=\"caption-attachment-123992\" class=\"wp-caption-text\">O casal Paulo Roberto e Maria Elizabeth acompanhou toda a trajet\u00f3ria da casa de passagem desde a sua cria\u00e7\u00e3o Foto: Rafaela Frutuoso<\/p><\/div>\n<p><span style=\"font-weight: 400;\">O envolvimento em ajudar o pr\u00f3ximo surgiu ap\u00f3s passarem situa\u00e7\u00f5es delicadas com a neta, que hoje tem 14 anos. Na \u00e9poca, presenciaram a dificuldade de muitas pessoas em lidar com estes momentos de dor. \u201cMuitas vezes as pessoas sabem de tudo isso, mas nunca passaram por isso. Este momento foi o que nos sensibilizou e, ap\u00f3s conversarmos com o padre e descobrir qual era a sua vontade, foi que nos impulsionou a participar desta hist\u00f3ria\u201d, contou Elizabeth. <\/span><\/p>\n<p><span style=\"font-weight: 400;\">Al\u00e9m dos materiais doados pela popula\u00e7\u00e3o, a institui\u00e7\u00e3o conta com o apoio de 60 volunt\u00e1rios e 4 funcion\u00e1rios que ajudam diariamente na manuten\u00e7\u00e3o do local. Al\u00e9m de servi\u00e7os b\u00e1sicos, como alimenta\u00e7\u00e3o e repouso, existem as atividades de lazer, que s\u00e3o realizadas de segunda a sexta-feira, na parte da tarde, sempre com tem\u00e1ticas diferentes. <\/span><\/p>\n<p><span style=\"font-weight: 400;\">Bianca Costa, aposentada e volunt\u00e1ria, vai todas as quintas-feiras trabalhar com artesanato com os h\u00f3spedes. Para ela, este momento \u00e9 de divers\u00e3o. \u201c\u00c9 uma experi\u00eancia maravilhosa, n\u00f3s crescemos como pessoas. Ser volunt\u00e1rio, voc\u00ea aprender a ver a vida por outra perspectiva\u201d, destacou Costa.<\/span><\/p>\n<div id=\"attachment_123990\" style=\"width: 1290px\" class=\"wp-caption alignnone\"><img loading=\"lazy\" decoding=\"async\" aria-describedby=\"caption-attachment-123990\" class=\"wp-image-123990 size-full\" src=\"https:\/\/diarioregionaldigital.com.br\/wp-content\/uploads\/2018\/10\/313308c3-2ba0-4c91-b0a0-b668212c5145.jpg\" alt=\"\" width=\"1280\" height=\"853\" srcset=\"https:\/\/diarioregionaldigital.com.br\/wp-content\/uploads\/2018\/10\/313308c3-2ba0-4c91-b0a0-b668212c5145.jpg 1280w, https:\/\/diarioregionaldigital.com.br\/wp-content\/uploads\/2018\/10\/313308c3-2ba0-4c91-b0a0-b668212c5145-300x200.jpg 300w, https:\/\/diarioregionaldigital.com.br\/wp-content\/uploads\/2018\/10\/313308c3-2ba0-4c91-b0a0-b668212c5145-768x512.jpg 768w, https:\/\/diarioregionaldigital.com.br\/wp-content\/uploads\/2018\/10\/313308c3-2ba0-4c91-b0a0-b668212c5145-1024x682.jpg 1024w, https:\/\/diarioregionaldigital.com.br\/wp-content\/uploads\/2018\/10\/313308c3-2ba0-4c91-b0a0-b668212c5145-360x240.jpg 360w\" sizes=\"auto, (max-width: 1280px) 100vw, 1280px\" \/><p id=\"caption-attachment-123990\" class=\"wp-caption-text\">A institui\u00e7\u00e3o conta com o apoio de 60 volunt\u00e1rios e 4 funcion\u00e1rios que ajudam diariamente na manuten\u00e7\u00e3o do local. Foto: Rafaela Frutuoso<\/p><\/div>\n<p><span style=\"font-weight: 400;\">Assim como Bianca, Gilberto dos Santos Santana trabalha na casa. O auxiliar de manuten\u00e7\u00e3o v\u00ea o servi\u00e7o como forma de prestar o bem ao pr\u00f3ximo. \u201cEu me sinto muito feliz, porque, al\u00e9m do trabalho, eu consigo ajudar as pessoas por fora, sou eu que ajudo a ir para o hospital quando necess\u00e1rio&#8230; Ent\u00e3o, vai muito al\u00e9m de um servi\u00e7o\u201d, destacou Santana. <\/span><\/p>\n<p>&nbsp;<\/p>\n<p><b>Recebendo o apoio<\/b><\/p>\n<p><span style=\"font-weight: 400;\">\u201cEste lugar foi uma b\u00ean\u00e7\u00e3o de Deus em minha vida\u201d. Assim foram as palavras do senhor Hamilton Gomes sobre a Casa de Passagem. Morador da cidade de Barbacena (a 100 km de Juiz de Fora), ele est\u00e1 h\u00e1 mais de 20 dias na casa para terminar seu tratamento. <\/span><\/p>\n<p><span style=\"font-weight: 400;\">Depois ser diagnosticado por um c\u00e2ncer, na pr\u00f3pria cidade, seus dias t\u00eam sido em dedica\u00e7\u00e3o aos procedimentos contra a doen\u00e7a. Sem a exist\u00eancia da casa, suas idas e vindas seriam di\u00e1rias, \u201ctornando o processo muito mais doloroso e cansativo, principalmente por n\u00e3o ter condi\u00e7\u00f5es de bancar um hotel ou uma pousada e alimenta\u00e7\u00e3o durante todos os dias da semana\u201d, disse Hamilton. \u00a0<\/span><\/p>\n<p><span style=\"font-weight: 400;\">Outro destaque foi sobre a recep\u00e7\u00e3o que teve dos funcion\u00e1rios e dos volunt\u00e1rios, sendo sempre muito prestativos e colaboradores nestas horas dif\u00edceis.<\/span><\/p>\n<div id=\"attachment_123991\" style=\"width: 1290px\" class=\"wp-caption alignnone\"><img loading=\"lazy\" decoding=\"async\" aria-describedby=\"caption-attachment-123991\" class=\"wp-image-123991 size-full\" src=\"https:\/\/diarioregionaldigital.com.br\/wp-content\/uploads\/2018\/10\/cb58e677-0bba-485b-98e0-13349aeb34f9.jpg\" alt=\"\" width=\"1280\" height=\"853\" srcset=\"https:\/\/diarioregionaldigital.com.br\/wp-content\/uploads\/2018\/10\/cb58e677-0bba-485b-98e0-13349aeb34f9.jpg 1280w, https:\/\/diarioregionaldigital.com.br\/wp-content\/uploads\/2018\/10\/cb58e677-0bba-485b-98e0-13349aeb34f9-300x200.jpg 300w, https:\/\/diarioregionaldigital.com.br\/wp-content\/uploads\/2018\/10\/cb58e677-0bba-485b-98e0-13349aeb34f9-768x512.jpg 768w, https:\/\/diarioregionaldigital.com.br\/wp-content\/uploads\/2018\/10\/cb58e677-0bba-485b-98e0-13349aeb34f9-1024x682.jpg 1024w, https:\/\/diarioregionaldigital.com.br\/wp-content\/uploads\/2018\/10\/cb58e677-0bba-485b-98e0-13349aeb34f9-360x240.jpg 360w\" sizes=\"auto, (max-width: 1280px) 100vw, 1280px\" \/><p id=\"caption-attachment-123991\" class=\"wp-caption-text\">Durante estes dez anos de exist\u00eancia, o lugar j\u00e1 atendeu mais de 14 mil pacientes e mais de mil h\u00f3spedes. Foto: Rafaela Frutuoso.<\/p><\/div>\n<p><span style=\"font-weight: 400;\">Dentre tantas pessoas que passaram por ali, o Padre David Jos\u00e9 dos Reis resgatou uma hist\u00f3ria que o marcou: um homem, vindo de Lavras para fazer o tratamento em Juiz de Fora, pediu ao padre para que fosse enterrado na casa. \u201cN\u00f3s n\u00e3o podemos atender o seu pedido, mas eu vejo este epis\u00f3dio como prova do resultado do nosso trabalho realizado h\u00e1 anos com muita ternura. Ele gostou tanto do nosso servi\u00e7o prestado, que pediu para ser enterrado no local\u201d, recordou o Padre. <\/span><\/p>\n<p><b>Como ajudar?<\/b><\/p>\n<p><span style=\"font-weight: 400;\">As pessoas que desejarem ser volunt\u00e1rias devem entrar em contato diretamente com a institui\u00e7\u00e3o para fazerem um cadastro e passarem por uma avalia\u00e7\u00e3o. <\/span><\/p>\n<p><span style=\"font-weight: 400;\">A institui\u00e7\u00e3o tamb\u00e9m aceita doa\u00e7\u00f5es de g\u00eaneros aliment\u00edcios, material de limpeza ou em dinheiro, que podem ser em forma de cheques, carn\u00eas, d\u00e9bito autom\u00e1tico ou dep\u00f3sito banc\u00e1rio que podem ser feitos na conta: BANCO DO BRASIL (001) \u2013 Ag\u00eancia: 0024-8 \u2013 Conta corrente: 95.000-9. Mais informa\u00e7\u00f5es: (32)32132-5268. <\/span><\/p>\n","protected":false},"excerpt":{"rendered":"<p>Neste m\u00eas de outubro, a Casa de Passagem e Acolhimento Beth\u00e2nia est\u00e1 comemorando seus 10 anos de exist\u00eancia. Com um servi\u00e7o totalmente gratuito, beneficente e executado por uma equipe de volunt\u00e1rios e de funcion\u00e1rios, seu principal objetivo \u00e9 levar conforto e acolhimento \u00e0s pessoas que est\u00e3o em um momento de vulnerabilidade, em tratamento na \u00e1rea [&hellip;]<\/p>\n","protected":false},"author":96,"featured_media":123993,"comment_status":"closed","ping_status":"closed","sticky":false,"template":"","format":"standard","meta":{"footnotes":""},"categories":[253,436,440,439],"tags":[],"class_list":["post-123988","post","type-post","status-publish","format-standard","has-post-thumbnail","hentry","category-cidade","category-destaque-da-semana","category-destaques-do-dia","category-ultima-hora"],"_links":{"self":[{"href":"https:\/\/diarioregionaldigital.com.br\/index.php?rest_route=\/wp\/v2\/posts\/123988","targetHints":{"allow":["GET"]}}],"collection":[{"href":"https:\/\/diarioregionaldigital.com.br\/index.php?rest_route=\/wp\/v2\/posts"}],"about":[{"href":"https:\/\/diarioregionaldigital.com.br\/index.php?rest_route=\/wp\/v2\/types\/post"}],"author":[{"embeddable":true,"href":"https:\/\/diarioregionaldigital.com.br\/index.php?rest_route=\/wp\/v2\/users\/96"}],"replies":[{"embeddable":true,"href":"https:\/\/diarioregionaldigital.com.br\/index.php?rest_route=%2Fwp%2Fv2%2Fcomments&post=123988"}],"version-history":[{"count":0,"href":"https:\/\/diarioregionaldigital.com.br\/index.php?rest_route=\/wp\/v2\/posts\/123988\/revisions"}],"wp:featuredmedia":[{"embeddable":true,"href":"https:\/\/diarioregionaldigital.com.br\/index.php?rest_route=\/wp\/v2\/media\/123993"}],"wp:attachment":[{"href":"https:\/\/diarioregionaldigital.com.br\/index.php?rest_route=%2Fwp%2Fv2%2Fmedia&parent=123988"}],"wp:term":[{"taxonomy":"category","embeddable":true,"href":"https:\/\/diarioregionaldigital.com.br\/index.php?rest_route=%2Fwp%2Fv2%2Fcategories&post=123988"},{"taxonomy":"post_tag","embeddable":true,"href":"https:\/\/diarioregionaldigital.com.br\/index.php?rest_route=%2Fwp%2Fv2%2Ftags&post=123988"}],"curies":[{"name":"wp","href":"https:\/\/api.w.org\/{rel}","templated":true}]}}