{"id":123980,"date":"2018-10-26T14:22:02","date_gmt":"2018-10-26T16:22:02","guid":{"rendered":"https:\/\/diarioregionaldigital.com.br\/?p=123980"},"modified":"2018-10-26T14:22:02","modified_gmt":"2018-10-26T16:22:02","slug":"deputados-vao-visitar-hospital-da-policia-civil","status":"publish","type":"post","link":"https:\/\/diarioregionaldigital.com.br\/?p=123980","title":{"rendered":"Deputados v\u00e3o visitar Hospital da Pol\u00edcia Civil"},"content":{"rendered":"<p>Com o objetivo de\u00a0averiguar as condi\u00e7\u00f5es de funcionamento do Hospital da Pol\u00edcia Civil, a Comiss\u00e3o de Seguran\u00e7a P\u00fablica da Assembleia Legislativa de Minas Gerais (ALMG) realiza visita \u00e0 unidade. O evento, que ser\u00e1 nesta ter\u00e7a-feira, 30, a partir das 11 horas, foi solicitado pelos deputados Sargento Rodrigues (PDT), presidente da comiss\u00e3o, Jo\u00e3o Leite (PSDB) e Coronel Piccinini (PSB).<\/p>\n<p>Segundo o requerimento da visita, o Hospital e Ambulat\u00f3rio da Pol\u00edcia Civil visa promover a sa\u00fade e o bem-estar dos profissionais e familiares dessa corpora\u00e7\u00e3o. O estabelecimento fica na Rua Bernardo Guimar\u00e3es, 1280, Funcion\u00e1rios, em Belo Horizonte.<\/p>\n<p>Em postagem em sua p\u00e1gina no Facebook, no \u00faltimo dia 20 de outubro, Sargento Rodrigues destaca, no v\u00eddeo intitulado \u201cHospital da Pol\u00edcia Civil, abandonado pelo governo, pede socorro\u201d, imagens de goteiras dentro da unidade, num dia chuvoso.<\/p>\n<p>Ele opina que \u201cn\u00e3o h\u00e1 como n\u00e3o se indignar diante das imagens da precariedade do hospital&#8221;. \u201c\u00c9 dif\u00edcil acreditar que seja realmente o Hospital da Pol\u00edcia Civil de Minas Gerais, tamanho descaso, abandono e desrespeito com servidores e pacientes por parte do atual desgoverno do PT em Minas\u201d, afirma, ainda, Sargento Rodrigues.<\/p>\n<p>O parlamentar acrescenta que havia tomado conhecimento da situa\u00e7\u00e3o naquela data e afirmou \u00e0 \u00e9poca que faria uma visita ao local, para conhecer de perto o problema e tomar provid\u00eancias para ajudar a solucion\u00e1-lo. \u201c\u00c9 inadmiss\u00edvel tanto descaso por parte daqueles que s\u00e3o respons\u00e1veis pela gest\u00e3o do nosso Estado\u201d, concluiu.<\/p>\n<p>Em dezembro de 2018, em ato p\u00fablico organizado por entidades dos servidores da seguran\u00e7a p\u00fablica, da qual Sargento Rodrigues participou, o presidente do Sindicato dos Servidores da Pol\u00edcia Civil (Sindpol-MG), Denilson Martins, exigiu provid\u00eancias para melhorar o hospital.<\/p>\n<p>\u201cComo o atendimento est\u00e1 muito prec\u00e1rio, o Hospital da Pol\u00edcia Civil hoje funciona como um ambulat\u00f3rio, que atende baixa e m\u00e9dia complexidades\u201d, lamentou Denilson Martins.<\/p>\n<p>&nbsp;<\/p>\n<p>Fonte: Assessoria\/ ALMG<\/p>\n","protected":false},"excerpt":{"rendered":"<p>Com o objetivo de\u00a0averiguar as condi\u00e7\u00f5es de funcionamento do Hospital da Pol\u00edcia Civil, a Comiss\u00e3o de Seguran\u00e7a P\u00fablica da Assembleia Legislativa de Minas Gerais (ALMG) realiza visita \u00e0 unidade. O evento, que ser\u00e1 nesta ter\u00e7a-feira, 30, a partir das 11 horas, foi solicitado pelos deputados Sargento Rodrigues (PDT), presidente da comiss\u00e3o, Jo\u00e3o Leite (PSDB) e [&hellip;]<\/p>\n","protected":false},"author":96,"featured_media":123982,"comment_status":"closed","ping_status":"closed","sticky":false,"template":"","format":"standard","meta":{"footnotes":""},"categories":[436,254,439],"tags":[],"class_list":["post-123980","post","type-post","status-publish","format-standard","has-post-thumbnail","hentry","category-destaque-da-semana","category-politica","category-ultima-hora"],"_links":{"self":[{"href":"https:\/\/diarioregionaldigital.com.br\/index.php?rest_route=\/wp\/v2\/posts\/123980","targetHints":{"allow":["GET"]}}],"collection":[{"href":"https:\/\/diarioregionaldigital.com.br\/index.php?rest_route=\/wp\/v2\/posts"}],"about":[{"href":"https:\/\/diarioregionaldigital.com.br\/index.php?rest_route=\/wp\/v2\/types\/post"}],"author":[{"embeddable":true,"href":"https:\/\/diarioregionaldigital.com.br\/index.php?rest_route=\/wp\/v2\/users\/96"}],"replies":[{"embeddable":true,"href":"https:\/\/diarioregionaldigital.com.br\/index.php?rest_route=%2Fwp%2Fv2%2Fcomments&post=123980"}],"version-history":[{"count":0,"href":"https:\/\/diarioregionaldigital.com.br\/index.php?rest_route=\/wp\/v2\/posts\/123980\/revisions"}],"wp:featuredmedia":[{"embeddable":true,"href":"https:\/\/diarioregionaldigital.com.br\/index.php?rest_route=\/wp\/v2\/media\/123982"}],"wp:attachment":[{"href":"https:\/\/diarioregionaldigital.com.br\/index.php?rest_route=%2Fwp%2Fv2%2Fmedia&parent=123980"}],"wp:term":[{"taxonomy":"category","embeddable":true,"href":"https:\/\/diarioregionaldigital.com.br\/index.php?rest_route=%2Fwp%2Fv2%2Fcategories&post=123980"},{"taxonomy":"post_tag","embeddable":true,"href":"https:\/\/diarioregionaldigital.com.br\/index.php?rest_route=%2Fwp%2Fv2%2Ftags&post=123980"}],"curies":[{"name":"wp","href":"https:\/\/api.w.org\/{rel}","templated":true}]}}