{"id":123977,"date":"2018-10-26T14:12:52","date_gmt":"2018-10-26T16:12:52","guid":{"rendered":"https:\/\/diarioregionaldigital.com.br\/?p=123977"},"modified":"2018-10-26T14:12:52","modified_gmt":"2018-10-26T16:12:52","slug":"comissao-ira-analisar-pedidos-de-licencas-para-ambulantes-em-juiz-de-fora","status":"publish","type":"post","link":"https:\/\/diarioregionaldigital.com.br\/?p=123977","title":{"rendered":"Comiss\u00e3o ir\u00e1 analisar pedidos de licen\u00e7as para ambulantes em Juiz de Fora"},"content":{"rendered":"<p>O vereador Pardal (PTC) utilizou da tribuna para falar sobre a portaria n.\u00ba 10.171, que institui a Comiss\u00e3o para Estudos sobre Possibilidade de Cria\u00e7\u00e3o de Novas Licen\u00e7as para Ambulantes no Munic\u00edpio.<\/p>\n<p>Desse modo, a Prefeitura de Juiz de Fora (PJF) designou oito membros ligados \u00e0s secretarias de Atividades Urbanas, de Administra\u00e7\u00e3o e Recursos Humanos, de Gest\u00e3o e Planejamento, de Governo, de Desenvolvimento Econ\u00f4mico, Trabalho e Turismo, de Transporte e Tr\u00e2nsito; al\u00e9m da Procuradoria Geral do Munic\u00edpio e da Comiss\u00e3o Permanente de Licita\u00e7\u00e3o.<\/p>\n<p>A comiss\u00e3o ir\u00e1 planejar, organizar o formato de licita\u00e7\u00e3o, bem como\u00a0 determinar locais, tipos e quantidades e outras quest\u00f5es relacionadas ao tema. \u201cNossa inten\u00e7\u00e3o \u00e9 que o passo seja dado com mais rapidez, porque as pessoas t\u00eam muitas expectativas para conseguir trabalhar com seguran\u00e7a\u201d, frisou Pardal.<\/p>\n<p>Z\u00e9 M\u00e1rcio Garotinho (PV) disse que al\u00e9m de se pensar nessa organiza\u00e7\u00e3o com os ambulantes, \u00e9 preciso dialogar tamb\u00e9m com as entidades que representam os comerciantes e lojistas da cidade.<\/p>\n<p>O l\u00edder do Governo, vereador J\u00falio Obama Jr. (PHS), solicitou que Garotinho tomasse frente das discuss\u00f5es entre poder p\u00fablico e entidades do ramo, j\u00e1 que este preside a Comiss\u00e3o Permanente de Urbanismo, Transporte, Tr\u00e2nsito, Meio Ambiente e Acessibilidade.<\/p>\n<p>&nbsp;<\/p>\n<p>Fonte: Assessoria\/ C\u00e2mara<\/p>\n","protected":false},"excerpt":{"rendered":"<p>O vereador Pardal (PTC) utilizou da tribuna para falar sobre a portaria n.\u00ba 10.171, que institui a Comiss\u00e3o para Estudos sobre Possibilidade de Cria\u00e7\u00e3o de Novas Licen\u00e7as para Ambulantes no Munic\u00edpio. Desse modo, a Prefeitura de Juiz de Fora (PJF) designou oito membros ligados \u00e0s secretarias de Atividades Urbanas, de Administra\u00e7\u00e3o e Recursos Humanos, de [&hellip;]<\/p>\n","protected":false},"author":96,"featured_media":123978,"comment_status":"closed","ping_status":"closed","sticky":false,"template":"","format":"standard","meta":{"footnotes":""},"categories":[436,254,439],"tags":[],"class_list":["post-123977","post","type-post","status-publish","format-standard","has-post-thumbnail","hentry","category-destaque-da-semana","category-politica","category-ultima-hora"],"_links":{"self":[{"href":"https:\/\/diarioregionaldigital.com.br\/index.php?rest_route=\/wp\/v2\/posts\/123977","targetHints":{"allow":["GET"]}}],"collection":[{"href":"https:\/\/diarioregionaldigital.com.br\/index.php?rest_route=\/wp\/v2\/posts"}],"about":[{"href":"https:\/\/diarioregionaldigital.com.br\/index.php?rest_route=\/wp\/v2\/types\/post"}],"author":[{"embeddable":true,"href":"https:\/\/diarioregionaldigital.com.br\/index.php?rest_route=\/wp\/v2\/users\/96"}],"replies":[{"embeddable":true,"href":"https:\/\/diarioregionaldigital.com.br\/index.php?rest_route=%2Fwp%2Fv2%2Fcomments&post=123977"}],"version-history":[{"count":0,"href":"https:\/\/diarioregionaldigital.com.br\/index.php?rest_route=\/wp\/v2\/posts\/123977\/revisions"}],"wp:featuredmedia":[{"embeddable":true,"href":"https:\/\/diarioregionaldigital.com.br\/index.php?rest_route=\/wp\/v2\/media\/123978"}],"wp:attachment":[{"href":"https:\/\/diarioregionaldigital.com.br\/index.php?rest_route=%2Fwp%2Fv2%2Fmedia&parent=123977"}],"wp:term":[{"taxonomy":"category","embeddable":true,"href":"https:\/\/diarioregionaldigital.com.br\/index.php?rest_route=%2Fwp%2Fv2%2Fcategories&post=123977"},{"taxonomy":"post_tag","embeddable":true,"href":"https:\/\/diarioregionaldigital.com.br\/index.php?rest_route=%2Fwp%2Fv2%2Ftags&post=123977"}],"curies":[{"name":"wp","href":"https:\/\/api.w.org\/{rel}","templated":true}]}}