{"id":123975,"date":"2018-10-26T14:04:12","date_gmt":"2018-10-26T16:04:12","guid":{"rendered":"https:\/\/diarioregionaldigital.com.br\/?p=123975"},"modified":"2018-10-26T14:04:12","modified_gmt":"2018-10-26T16:04:12","slug":"camara-divulga-resultado-dos-recursos-das-provas-discursivas-nesta-sexta-feira-a-meia-noite","status":"publish","type":"post","link":"https:\/\/diarioregionaldigital.com.br\/?p=123975","title":{"rendered":"C\u00e2mara divulga resultado dos recursos das provas discursivas nesta sexta-feira, \u00e0 meia noite"},"content":{"rendered":"<p><span style=\"font-weight: 400;\">O resultado dos recursos das provas discursivas do concurso da C\u00e2mara ser\u00e1 divulgado \u00e0 0h desta sexta-feira, 26, no Atos do Legislativo (www.camarajf.mg.gov.br\/diariolegislativo) e tamb\u00e9m no site da Consulpam (<\/span>www.consulpam.com.br<span style=\"font-weight: 400;\">).<\/span><br style=\"font-weight: 400;\" \/><br style=\"font-weight: 400;\" \/><span style=\"font-weight: 400;\">A previs\u00e3o \u00e9 que a reclassifica\u00e7\u00e3o dos candidatos, levando em conta o resultado dos recursos, seja divulgada \u00e0 meia noite da pr\u00f3xima ter\u00e7a-feira, 30.<\/span><br style=\"font-weight: 400;\" \/><br style=\"font-weight: 400;\" \/><span style=\"font-weight: 400;\">Ap\u00f3s a reclassifica\u00e7\u00e3o, os pr\u00f3ximos passos ser\u00e3o o agendamento da prova pr\u00e1tica para o cargo de Jornalista e a prova de t\u00edtulos para os cargos de n\u00edvel superior.<\/span><br style=\"font-weight: 400;\" \/><br style=\"font-weight: 400;\" \/><span style=\"font-weight: 400;\">Este \u00e9 o maior concurso p\u00fablico j\u00e1 realizado pela C\u00e2mara Municipal. S\u00e3o 30 vagas distribu\u00eddas entre os n\u00edveis m\u00e9dio, t\u00e9cnico e superior. Segundo o presidente da C\u00e2mara, vereador Rodrigo Mattos (PHS) um dos objetivos \u00e9 equilibrar o n\u00famero de servidores de carreira em rela\u00e7\u00e3o ao quadro de comissionados. \u201cAtualmente, o quadro administrativo da Casa conta com apenas 27% de servidores efetivos. Com o ingresso dos servidores aprovados, os concursados dever\u00e3o representar 44% do quadro pessoal administrativo do Pal\u00e1cio Barbosa Lima\u201d, informa.<\/span><br style=\"font-weight: 400;\" \/><br style=\"font-weight: 400;\" \/><span style=\"font-weight: 400;\">Al\u00e9m disso, segundo Mattos, a contrata\u00e7\u00e3o de analistas em diversas \u00e1reas do conhecimento ir\u00e1 qualificar o trabalho dos vereadores nas comiss\u00f5es permanentes e na elabora\u00e7\u00e3o de projetos de lei.<\/span><\/p>\n<p>&nbsp;<\/p>\n<p>Fonte: Assessoria\/ C\u00e2mara<\/p>\n","protected":false},"excerpt":{"rendered":"<p>O resultado dos recursos das provas discursivas do concurso da C\u00e2mara ser\u00e1 divulgado \u00e0 0h desta sexta-feira, 26, no Atos do Legislativo (www.camarajf.mg.gov.br\/diariolegislativo) e tamb\u00e9m no site da Consulpam (www.consulpam.com.br).A previs\u00e3o \u00e9 que a reclassifica\u00e7\u00e3o dos candidatos, levando em conta o resultado dos recursos, seja divulgada \u00e0 meia noite da pr\u00f3xima ter\u00e7a-feira, 30.Ap\u00f3s a reclassifica\u00e7\u00e3o, [&hellip;]<\/p>\n","protected":false},"author":96,"featured_media":104946,"comment_status":"closed","ping_status":"closed","sticky":false,"template":"","format":"standard","meta":{"footnotes":""},"categories":[253,439],"tags":[],"class_list":["post-123975","post","type-post","status-publish","format-standard","has-post-thumbnail","hentry","category-cidade","category-ultima-hora"],"_links":{"self":[{"href":"https:\/\/diarioregionaldigital.com.br\/index.php?rest_route=\/wp\/v2\/posts\/123975","targetHints":{"allow":["GET"]}}],"collection":[{"href":"https:\/\/diarioregionaldigital.com.br\/index.php?rest_route=\/wp\/v2\/posts"}],"about":[{"href":"https:\/\/diarioregionaldigital.com.br\/index.php?rest_route=\/wp\/v2\/types\/post"}],"author":[{"embeddable":true,"href":"https:\/\/diarioregionaldigital.com.br\/index.php?rest_route=\/wp\/v2\/users\/96"}],"replies":[{"embeddable":true,"href":"https:\/\/diarioregionaldigital.com.br\/index.php?rest_route=%2Fwp%2Fv2%2Fcomments&post=123975"}],"version-history":[{"count":0,"href":"https:\/\/diarioregionaldigital.com.br\/index.php?rest_route=\/wp\/v2\/posts\/123975\/revisions"}],"wp:featuredmedia":[{"embeddable":true,"href":"https:\/\/diarioregionaldigital.com.br\/index.php?rest_route=\/wp\/v2\/media\/104946"}],"wp:attachment":[{"href":"https:\/\/diarioregionaldigital.com.br\/index.php?rest_route=%2Fwp%2Fv2%2Fmedia&parent=123975"}],"wp:term":[{"taxonomy":"category","embeddable":true,"href":"https:\/\/diarioregionaldigital.com.br\/index.php?rest_route=%2Fwp%2Fv2%2Fcategories&post=123975"},{"taxonomy":"post_tag","embeddable":true,"href":"https:\/\/diarioregionaldigital.com.br\/index.php?rest_route=%2Fwp%2Fv2%2Ftags&post=123975"}],"curies":[{"name":"wp","href":"https:\/\/api.w.org\/{rel}","templated":true}]}}