{"id":123972,"date":"2018-10-26T13:52:44","date_gmt":"2018-10-26T15:52:44","guid":{"rendered":"https:\/\/diarioregionaldigital.com.br\/?p=123972"},"modified":"2018-10-26T13:52:44","modified_gmt":"2018-10-26T15:52:44","slug":"precos-de-produtos-industrializados-sobem-293-na-saida-das-fabricas","status":"publish","type":"post","link":"https:\/\/diarioregionaldigital.com.br\/?p=123972","title":{"rendered":"Pre\u00e7os de produtos industrializados sobem 2,93% na sa\u00edda das f\u00e1bricas"},"content":{"rendered":"<p>O \u00cdndice de Pre\u00e7os ao Produtor (IPP), que mede a varia\u00e7\u00e3o de pre\u00e7os de produtos industrializados na porta de sa\u00edda das f\u00e1bricas, registrou infla\u00e7\u00e3o de 2,93% em setembro. A taxa ficou acima do 0,86% de agosto deste ano e do 1,48% de setembro de 2017.<\/p>\n<p>Segundo dados divulgados nessa sexta-feira, 26, pelo Instituto Brasileiro de Geografia e Estat\u00edstica (IBGE), o IPP acumula 14,02% no ano e 18,2% em 12 meses.<\/p>\n<p>De agosto para setembro deste ano, entre as quatro grandes categorias econ\u00f4micas, a maior infla\u00e7\u00e3o foi observada nos bens intermedi\u00e1rios, isto \u00e9, os insumos industrializados usados no setor produtivo, cujos pre\u00e7os subiram 3,84%.<\/p>\n<p>As demais categorias tiveram as seguintes taxas de infla\u00e7\u00e3o: bens de capital, isto \u00e9, as m\u00e1quinas e equipamentos (1,82%), bens de consumo semi e n\u00e3o dur\u00e1veis (1,78%) e bens de consumo dur\u00e1veis (0,82%).<\/p>\n<p>Ainda na compara\u00e7\u00e3o com agosto, os pre\u00e7os subiram em 22 das 24 atividades pesquisadas pelo IBGE, com destaque para ind\u00fastrias extrativas (12,82%), refino de petr\u00f3leo e produtos de \u00e1lcool (7,44%) e outros produtos qu\u00edmicos (4,52%).<\/p>\n<p>&nbsp;<\/p>\n<p>Fonte: Ag\u00eancia Brasil<\/p>\n","protected":false},"excerpt":{"rendered":"<p>O \u00cdndice de Pre\u00e7os ao Produtor (IPP), que mede a varia\u00e7\u00e3o de pre\u00e7os de produtos industrializados na porta de sa\u00edda das f\u00e1bricas, registrou infla\u00e7\u00e3o de 2,93% em setembro. A taxa ficou acima do 0,86% de agosto deste ano e do 1,48% de setembro de 2017. Segundo dados divulgados nessa sexta-feira, 26, pelo Instituto Brasileiro de [&hellip;]<\/p>\n","protected":false},"author":96,"featured_media":123973,"comment_status":"closed","ping_status":"closed","sticky":false,"template":"","format":"standard","meta":{"footnotes":""},"categories":[436,261,439],"tags":[],"class_list":["post-123972","post","type-post","status-publish","format-standard","has-post-thumbnail","hentry","category-destaque-da-semana","category-economia","category-ultima-hora"],"_links":{"self":[{"href":"https:\/\/diarioregionaldigital.com.br\/index.php?rest_route=\/wp\/v2\/posts\/123972","targetHints":{"allow":["GET"]}}],"collection":[{"href":"https:\/\/diarioregionaldigital.com.br\/index.php?rest_route=\/wp\/v2\/posts"}],"about":[{"href":"https:\/\/diarioregionaldigital.com.br\/index.php?rest_route=\/wp\/v2\/types\/post"}],"author":[{"embeddable":true,"href":"https:\/\/diarioregionaldigital.com.br\/index.php?rest_route=\/wp\/v2\/users\/96"}],"replies":[{"embeddable":true,"href":"https:\/\/diarioregionaldigital.com.br\/index.php?rest_route=%2Fwp%2Fv2%2Fcomments&post=123972"}],"version-history":[{"count":0,"href":"https:\/\/diarioregionaldigital.com.br\/index.php?rest_route=\/wp\/v2\/posts\/123972\/revisions"}],"wp:featuredmedia":[{"embeddable":true,"href":"https:\/\/diarioregionaldigital.com.br\/index.php?rest_route=\/wp\/v2\/media\/123973"}],"wp:attachment":[{"href":"https:\/\/diarioregionaldigital.com.br\/index.php?rest_route=%2Fwp%2Fv2%2Fmedia&parent=123972"}],"wp:term":[{"taxonomy":"category","embeddable":true,"href":"https:\/\/diarioregionaldigital.com.br\/index.php?rest_route=%2Fwp%2Fv2%2Fcategories&post=123972"},{"taxonomy":"post_tag","embeddable":true,"href":"https:\/\/diarioregionaldigital.com.br\/index.php?rest_route=%2Fwp%2Fv2%2Ftags&post=123972"}],"curies":[{"name":"wp","href":"https:\/\/api.w.org\/{rel}","templated":true}]}}