{"id":123970,"date":"2018-10-26T13:42:19","date_gmt":"2018-10-26T15:42:19","guid":{"rendered":"https:\/\/diarioregionaldigital.com.br\/?p=123970"},"modified":"2018-10-26T13:42:19","modified_gmt":"2018-10-26T15:42:19","slug":"casal-fica-ferido-em-tombamento-de-carreta-proximo-a-santa-barbara-do-tugurio","status":"publish","type":"post","link":"https:\/\/diarioregionaldigital.com.br\/?p=123970","title":{"rendered":"Casal fica ferido em tombamento de carreta pr\u00f3ximo a Santa B\u00e1rbara do Tugurio"},"content":{"rendered":"<p>Na manh\u00e3 de sexta feira, 26, por volta de 09:45h,\u00a0 equipes de bombeiros de Barbacena foram acionados a comparecer na rodovia MG 448, nas proximidades da cidade de Santa B\u00e1rbara do Tugurio, onde houve o tombamento de uma carreta Volvo licenciada em Votuporanga SP carregada com placas de MDF e compensado, conduzido por um motorista de 41 anos, que estava acompanhado de sua esposa de 44 anos, ambos procedente daquela cidade paulista.<\/p>\n<p>No local, os militares verificaram que as v\u00edtimas apresentavam pequenos ferimentos, sendo imobilizadas e conduzidas ao Hospital Regional em Barbacena.<br \/>\nA carreta estava as margens da pista, a beira da ribanceira.<\/p>\n<p>Segundo os bombeiros, o motorista alegou que perdeu o controle dos freios do ve\u00edculo e disse que seguia em dire\u00e7\u00e3o a regi\u00e3o de Ub\u00e1.<\/p>\n<p>Fonte: Assessoria\/ Corpo de Bombeiros<\/p>\n","protected":false},"excerpt":{"rendered":"<p>Na manh\u00e3 de sexta feira, 26, por volta de 09:45h,\u00a0 equipes de bombeiros de Barbacena foram acionados a comparecer na rodovia MG 448, nas proximidades da cidade de Santa B\u00e1rbara do Tugurio, onde houve o tombamento de uma carreta Volvo licenciada em Votuporanga SP carregada com placas de MDF e compensado, conduzido por um motorista [&hellip;]<\/p>\n","protected":false},"author":96,"featured_media":95105,"comment_status":"closed","ping_status":"closed","sticky":false,"template":"","format":"standard","meta":{"footnotes":""},"categories":[252,439],"tags":[],"class_list":["post-123970","post","type-post","status-publish","format-standard","has-post-thumbnail","hentry","category-regiao","category-ultima-hora"],"_links":{"self":[{"href":"https:\/\/diarioregionaldigital.com.br\/index.php?rest_route=\/wp\/v2\/posts\/123970","targetHints":{"allow":["GET"]}}],"collection":[{"href":"https:\/\/diarioregionaldigital.com.br\/index.php?rest_route=\/wp\/v2\/posts"}],"about":[{"href":"https:\/\/diarioregionaldigital.com.br\/index.php?rest_route=\/wp\/v2\/types\/post"}],"author":[{"embeddable":true,"href":"https:\/\/diarioregionaldigital.com.br\/index.php?rest_route=\/wp\/v2\/users\/96"}],"replies":[{"embeddable":true,"href":"https:\/\/diarioregionaldigital.com.br\/index.php?rest_route=%2Fwp%2Fv2%2Fcomments&post=123970"}],"version-history":[{"count":0,"href":"https:\/\/diarioregionaldigital.com.br\/index.php?rest_route=\/wp\/v2\/posts\/123970\/revisions"}],"wp:featuredmedia":[{"embeddable":true,"href":"https:\/\/diarioregionaldigital.com.br\/index.php?rest_route=\/wp\/v2\/media\/95105"}],"wp:attachment":[{"href":"https:\/\/diarioregionaldigital.com.br\/index.php?rest_route=%2Fwp%2Fv2%2Fmedia&parent=123970"}],"wp:term":[{"taxonomy":"category","embeddable":true,"href":"https:\/\/diarioregionaldigital.com.br\/index.php?rest_route=%2Fwp%2Fv2%2Fcategories&post=123970"},{"taxonomy":"post_tag","embeddable":true,"href":"https:\/\/diarioregionaldigital.com.br\/index.php?rest_route=%2Fwp%2Fv2%2Ftags&post=123970"}],"curies":[{"name":"wp","href":"https:\/\/api.w.org\/{rel}","templated":true}]}}