{"id":123964,"date":"2018-10-26T13:02:43","date_gmt":"2018-10-26T15:02:43","guid":{"rendered":"https:\/\/diarioregionaldigital.com.br\/?p=123964"},"modified":"2018-10-26T13:02:43","modified_gmt":"2018-10-26T15:02:43","slug":"jogos-intercolegiais-inscricoes-estao-abertas-para-o-judo","status":"publish","type":"post","link":"https:\/\/diarioregionaldigital.com.br\/?p=123964","title":{"rendered":"\u201cJogos Intercolegiais\u201d &#8211; Inscri\u00e7\u00f5es est\u00e3o abertas para o jud\u00f4"},"content":{"rendered":"<p>Uma das modalidades individuais mais aguardadas nos \u201cJogos Intercolegiais\u201d est\u00e1 com inscri\u00e7\u00f5es abertas. O jud\u00f4 ser\u00e1 disputado em 10 de novembro, mas as fichas j\u00e1 podem ser entregues na Secretaria de Esporte e Lazer (SEL), da Prefeitura de Juiz de Fora (PJF), por representante da escola. As inscri\u00e7\u00f5es estar\u00e3o abertas at\u00e9 1\u00ba de novembro, e podem ser feitas das 8 horas \u00e0s 11h30 e das 14 \u00e0s 17h30, na SEL, na Avenida Rui Barbosa, 530, Bairro Santa Terezinha. O congresso t\u00e9cnico da modalidade est\u00e1 previsto para 6 de novembro, \u00e0s 10 horas, na secretaria. Ficha e regulamento espec\u00edfico se encontram no site da PJF. A competi\u00e7\u00e3o contar\u00e1 com as categorias infantil e juvenil, masculinas e femininas. A f\u00f3rmula de disputa est\u00e1 condicionada aos n\u00fameros de inscritos.<\/p>\n<p>A competi\u00e7\u00e3o de jud\u00f4 ser\u00e1 realizada a partir das 9 horas, na Escola Municipal \u201cUni\u00e3o da Bet\u00e2nia\u201d, na Rua Nove de Julho, 1.144, no Bairro Granjas Bet\u00e2nia, com disputas em todas as categorias. O tempo previsto de combate \u00e9 de tr\u00eas minutos para as lutas do infantil e de quatro minutos para o juvenil.<\/p>\n<p><strong>\u201cJogos Intercolegiais\u201d<\/strong><\/p>\n<p>Organizados pelo Departamento de Inicia\u00e7\u00e3o, Forma\u00e7\u00e3o e Rendimento Esportivo da SEL, t\u00eam por finalidade incentivar as institui\u00e7\u00f5es de ensino da cidade a participarem de atividades esportivas, promovendo ampla mobiliza\u00e7\u00e3o da juventude estudantil em torno do esporte e da integra\u00e7\u00e3o. A competi\u00e7\u00e3o envolve alunos das redes p\u00fablicas municipal, estadual e federal e da particular, com estudantes na faixa entre 12 e 17 anos. S\u00e3o disputadas 12 modalidades individuais e coletivas.<\/p>\n<p><strong>Fonte: Assessoria\/SEL<\/strong><\/p>\n<p>&nbsp;<\/p>\n","protected":false},"excerpt":{"rendered":"<p>Uma das modalidades individuais mais aguardadas nos \u201cJogos Intercolegiais\u201d est\u00e1 com inscri\u00e7\u00f5es abertas. O jud\u00f4 ser\u00e1 disputado em 10 de novembro, mas as fichas j\u00e1 podem ser entregues na Secretaria de Esporte e Lazer (SEL), da Prefeitura de Juiz de Fora (PJF), por representante da escola. As inscri\u00e7\u00f5es estar\u00e3o abertas at\u00e9 1\u00ba de novembro, e [&hellip;]<\/p>\n","protected":false},"author":96,"featured_media":123965,"comment_status":"closed","ping_status":"closed","sticky":false,"template":"","format":"standard","meta":{"footnotes":""},"categories":[257,439],"tags":[],"class_list":["post-123964","post","type-post","status-publish","format-standard","has-post-thumbnail","hentry","category-esporte","category-ultima-hora"],"_links":{"self":[{"href":"https:\/\/diarioregionaldigital.com.br\/index.php?rest_route=\/wp\/v2\/posts\/123964","targetHints":{"allow":["GET"]}}],"collection":[{"href":"https:\/\/diarioregionaldigital.com.br\/index.php?rest_route=\/wp\/v2\/posts"}],"about":[{"href":"https:\/\/diarioregionaldigital.com.br\/index.php?rest_route=\/wp\/v2\/types\/post"}],"author":[{"embeddable":true,"href":"https:\/\/diarioregionaldigital.com.br\/index.php?rest_route=\/wp\/v2\/users\/96"}],"replies":[{"embeddable":true,"href":"https:\/\/diarioregionaldigital.com.br\/index.php?rest_route=%2Fwp%2Fv2%2Fcomments&post=123964"}],"version-history":[{"count":0,"href":"https:\/\/diarioregionaldigital.com.br\/index.php?rest_route=\/wp\/v2\/posts\/123964\/revisions"}],"wp:featuredmedia":[{"embeddable":true,"href":"https:\/\/diarioregionaldigital.com.br\/index.php?rest_route=\/wp\/v2\/media\/123965"}],"wp:attachment":[{"href":"https:\/\/diarioregionaldigital.com.br\/index.php?rest_route=%2Fwp%2Fv2%2Fmedia&parent=123964"}],"wp:term":[{"taxonomy":"category","embeddable":true,"href":"https:\/\/diarioregionaldigital.com.br\/index.php?rest_route=%2Fwp%2Fv2%2Fcategories&post=123964"},{"taxonomy":"post_tag","embeddable":true,"href":"https:\/\/diarioregionaldigital.com.br\/index.php?rest_route=%2Fwp%2Fv2%2Ftags&post=123964"}],"curies":[{"name":"wp","href":"https:\/\/api.w.org\/{rel}","templated":true}]}}