{"id":123961,"date":"2018-10-26T12:59:55","date_gmt":"2018-10-26T14:59:55","guid":{"rendered":"https:\/\/diarioregionaldigital.com.br\/?p=123961"},"modified":"2018-10-26T12:59:55","modified_gmt":"2018-10-26T14:59:55","slug":"desembargadora-acolhe-recursos-e-derruba-liminar-que-anulava-eleicao-do-vasco","status":"publish","type":"post","link":"https:\/\/diarioregionaldigital.com.br\/?p=123961","title":{"rendered":"Desembargadora acolhe recursos e derruba liminar que anulava elei\u00e7\u00e3o do Vasco"},"content":{"rendered":"<p>A desembargadora M\u00e1rcia Ferreira Alvarenga, da 17\u00aa Vara C\u00edvel do Tribunal de Justi\u00e7a do Rio, acolheu os quatro recursos que recebeu e derrubou a liminar que anulava a elei\u00e7\u00e3o do Vasco. O resultado \u00e9 uma vit\u00f3ria do presidente Alexandre Campello contra o Grupo Sempre Vasco, autor da a\u00e7\u00e3o que tenta a marca\u00e7\u00e3o de um novo pleito para o clube.<\/p>\n<p>Na decis\u00e3o, ela fez cr\u00edticas \u00e0 conduta do advogado Alan Belaciano, aliado de Julio Brant e respons\u00e1vel pela a\u00e7\u00e3o, referente \u00e0 condu\u00e7\u00e3o das testemunhas que serviram ao inqu\u00e9rito que investigou as den\u00fancias de fraude na elei\u00e7\u00e3o. A ju\u00edza reclamou tamb\u00e9m que a elei\u00e7\u00e3o passada foi anulada pela liminar sem que fosse respeitado o contradit\u00f3rio.<\/p>\n<p>M\u00e1rcia Ferreira Alvarenga questionou a apura\u00e7\u00e3o do inqu\u00e9rito policial, que, segundo ela, encontrou ind\u00edcios de irregularidade baseada em &#8220;depoimentos de tr\u00eas s\u00f3cios, numa elei\u00e7\u00e3o com mais de 4 mil votos&#8221;. A ju\u00edza ainda considerou excessiva a anula\u00e7\u00e3o dos direitos eleitorais de 900 s\u00f3cios, presente na primeira liminar.<\/p>\n<p>Com a decis\u00e3o de derrubar a liminar, a ju\u00edza determinou que a elei\u00e7\u00e3o de 2017 dever\u00e1 seguir valendo enquanto n\u00e3o houver o julgamento do m\u00e9rito, a fim de &#8220;assegurar os direitos fundamentais conferidos pelo Estatuto Social, e tendo em vista o perigo de dano reverso, bem como a necessidade de dila\u00e7\u00e3o probat\u00f3ria, com contradit\u00f3rio participativo, objetivando o restabelecimento e a preserva\u00e7\u00e3o financeira do Vasco&#8221;.<\/p>\n<p>Fonte: Gazeta Press<\/p>\n","protected":false},"excerpt":{"rendered":"<p>A desembargadora M\u00e1rcia Ferreira Alvarenga, da 17\u00aa Vara C\u00edvel do Tribunal de Justi\u00e7a do Rio, acolheu os quatro recursos que recebeu e derrubou a liminar que anulava a elei\u00e7\u00e3o do Vasco. O resultado \u00e9 uma vit\u00f3ria do presidente Alexandre Campello contra o Grupo Sempre Vasco, autor da a\u00e7\u00e3o que tenta a marca\u00e7\u00e3o de um novo [&hellip;]<\/p>\n","protected":false},"author":96,"featured_media":123962,"comment_status":"closed","ping_status":"closed","sticky":false,"template":"","format":"standard","meta":{"footnotes":""},"categories":[257,439],"tags":[],"class_list":["post-123961","post","type-post","status-publish","format-standard","has-post-thumbnail","hentry","category-esporte","category-ultima-hora"],"_links":{"self":[{"href":"https:\/\/diarioregionaldigital.com.br\/index.php?rest_route=\/wp\/v2\/posts\/123961","targetHints":{"allow":["GET"]}}],"collection":[{"href":"https:\/\/diarioregionaldigital.com.br\/index.php?rest_route=\/wp\/v2\/posts"}],"about":[{"href":"https:\/\/diarioregionaldigital.com.br\/index.php?rest_route=\/wp\/v2\/types\/post"}],"author":[{"embeddable":true,"href":"https:\/\/diarioregionaldigital.com.br\/index.php?rest_route=\/wp\/v2\/users\/96"}],"replies":[{"embeddable":true,"href":"https:\/\/diarioregionaldigital.com.br\/index.php?rest_route=%2Fwp%2Fv2%2Fcomments&post=123961"}],"version-history":[{"count":0,"href":"https:\/\/diarioregionaldigital.com.br\/index.php?rest_route=\/wp\/v2\/posts\/123961\/revisions"}],"wp:featuredmedia":[{"embeddable":true,"href":"https:\/\/diarioregionaldigital.com.br\/index.php?rest_route=\/wp\/v2\/media\/123962"}],"wp:attachment":[{"href":"https:\/\/diarioregionaldigital.com.br\/index.php?rest_route=%2Fwp%2Fv2%2Fmedia&parent=123961"}],"wp:term":[{"taxonomy":"category","embeddable":true,"href":"https:\/\/diarioregionaldigital.com.br\/index.php?rest_route=%2Fwp%2Fv2%2Fcategories&post=123961"},{"taxonomy":"post_tag","embeddable":true,"href":"https:\/\/diarioregionaldigital.com.br\/index.php?rest_route=%2Fwp%2Fv2%2Ftags&post=123961"}],"curies":[{"name":"wp","href":"https:\/\/api.w.org\/{rel}","templated":true}]}}