{"id":123957,"date":"2018-10-26T11:36:03","date_gmt":"2018-10-26T13:36:03","guid":{"rendered":"https:\/\/diarioregionaldigital.com.br\/?p=123957"},"modified":"2018-10-26T11:36:03","modified_gmt":"2018-10-26T13:36:03","slug":"propaganda-eleitoral-no-radio-e-tv-termina-hoje","status":"publish","type":"post","link":"https:\/\/diarioregionaldigital.com.br\/?p=123957","title":{"rendered":"Propaganda eleitoral no r\u00e1dio e tv termina hoje"},"content":{"rendered":"<p>Nesta sexta-feira, 26, a dois dias do segundo turno das elei\u00e7\u00f5es, ser\u00e3o exibidos\u00a0 os \u00faltimos programas do hor\u00e1rio eleitoral gratuito no r\u00e1dio e na TV. Hoje tamb\u00e9m \u00e9 o \u00faltimo dia para divulga\u00e7\u00e3o de campanha paga na imprensa.<\/p>\n<h2>S\u00e1bado<\/h2>\n<p>Pelo calend\u00e1rio eleitoral, amanh\u00e3, v\u00e9spera da vota\u00e7\u00e3o, \u00e9 o \u00faltimo dia para propaganda eleitoral com alto-falantes ou amplificadores de som, entre 8h e 22 horas. O prazo \u00e9 o mesmo para a distribui\u00e7\u00e3o de material gr\u00e1fico, caminhada, carreata, passeata ou para uso de carro de som com m\u00fasicas ou mensagens de candidatos.<\/p>\n<h2>Domingo<\/h2>\n<p>No domingo, podem ser divulgadas as pesquisas de inten\u00e7\u00e3o de voto realizadas neste s\u00e1bado, 27, para todos os cargos. As de boca de urna, feitas no dia da elei\u00e7\u00e3o, s\u00f3 podem ser conhecidas ap\u00f3s encerrado o pleito. No caso de presidente, em raz\u00e3o das diferen\u00e7as de fuso hor\u00e1rio, a divulga\u00e7\u00e3o s\u00f3 poder\u00e1 ser feita quando acabar a vota\u00e7\u00e3o em todo o territ\u00f3rio nacional. Nas disputas para governador, a divulga\u00e7\u00e3o das pesquisas pode feita ap\u00f3s as 17 horas do hor\u00e1rio local.<\/p>\n<p>No dia das elei\u00e7\u00f5es, domingo, \u00e9 proibida a aglomera\u00e7\u00e3o de pessoas com camisetas padronizadas com o nome de um candidato que caracterize manifesta\u00e7\u00e3o coletiva. No domingo, os eleitores podem se manifestar usando camisetas, broches ou bandeiras com nome do partido ou candidato de sua prefer\u00eancia desde que de forma\u00a0 individual e silenciosa.<\/p>\n<p>A legisla\u00e7\u00e3o sobre consumo de bebida alco\u00f3lica no per\u00edodo de vota\u00e7\u00e3o &#8211; chamada de Lei Seca &#8211; n\u00e3o \u00e9 determinada pelo TSE. Ela varia de acordo com o estado e fica a cargo dos Tribunais Regionais Eleitorais.<\/p>\n<p><em>Fonte: Ag\u00eancia Brasil<\/em><\/p>\n","protected":false},"excerpt":{"rendered":"<p>Nesta sexta-feira, 26, a dois dias do segundo turno das elei\u00e7\u00f5es, ser\u00e3o exibidos\u00a0 os \u00faltimos programas do hor\u00e1rio eleitoral gratuito no r\u00e1dio e na TV. Hoje tamb\u00e9m \u00e9 o \u00faltimo dia para divulga\u00e7\u00e3o de campanha paga na imprensa. S\u00e1bado Pelo calend\u00e1rio eleitoral, amanh\u00e3, v\u00e9spera da vota\u00e7\u00e3o, \u00e9 o \u00faltimo dia para propaganda eleitoral com alto-falantes [&hellip;]<\/p>\n","protected":false},"author":96,"featured_media":0,"comment_status":"closed","ping_status":"closed","sticky":false,"template":"","format":"standard","meta":{"footnotes":""},"categories":[254,439],"tags":[],"class_list":["post-123957","post","type-post","status-publish","format-standard","hentry","category-politica","category-ultima-hora"],"_links":{"self":[{"href":"https:\/\/diarioregionaldigital.com.br\/index.php?rest_route=\/wp\/v2\/posts\/123957","targetHints":{"allow":["GET"]}}],"collection":[{"href":"https:\/\/diarioregionaldigital.com.br\/index.php?rest_route=\/wp\/v2\/posts"}],"about":[{"href":"https:\/\/diarioregionaldigital.com.br\/index.php?rest_route=\/wp\/v2\/types\/post"}],"author":[{"embeddable":true,"href":"https:\/\/diarioregionaldigital.com.br\/index.php?rest_route=\/wp\/v2\/users\/96"}],"replies":[{"embeddable":true,"href":"https:\/\/diarioregionaldigital.com.br\/index.php?rest_route=%2Fwp%2Fv2%2Fcomments&post=123957"}],"version-history":[{"count":0,"href":"https:\/\/diarioregionaldigital.com.br\/index.php?rest_route=\/wp\/v2\/posts\/123957\/revisions"}],"wp:attachment":[{"href":"https:\/\/diarioregionaldigital.com.br\/index.php?rest_route=%2Fwp%2Fv2%2Fmedia&parent=123957"}],"wp:term":[{"taxonomy":"category","embeddable":true,"href":"https:\/\/diarioregionaldigital.com.br\/index.php?rest_route=%2Fwp%2Fv2%2Fcategories&post=123957"},{"taxonomy":"post_tag","embeddable":true,"href":"https:\/\/diarioregionaldigital.com.br\/index.php?rest_route=%2Fwp%2Fv2%2Ftags&post=123957"}],"curies":[{"name":"wp","href":"https:\/\/api.w.org\/{rel}","templated":true}]}}