{"id":123954,"date":"2018-10-26T11:30:25","date_gmt":"2018-10-26T13:30:25","guid":{"rendered":"https:\/\/diarioregionaldigital.com.br\/?p=123954"},"modified":"2018-10-26T11:30:25","modified_gmt":"2018-10-26T13:30:25","slug":"dia-internacional-da-animacao-e-comemorado-com-mostras-gratuitas-em-jf","status":"publish","type":"post","link":"https:\/\/diarioregionaldigital.com.br\/?p=123954","title":{"rendered":"\u201cDia Internacional da Anima\u00e7\u00e3o\u201d \u00e9 comemorado com mostras gratuitas em JF"},"content":{"rendered":"<p>Juiz de Fora est\u00e1 entre as mais de 200 cidades brasileiras que participam da programa\u00e7\u00e3o comemorativa do \u201cDia Internacional da Anima\u00e7\u00e3o\u201d, celebrado em 28 de outubro. Quatro espa\u00e7os da cidade receber\u00e3o mostras de curtas-metragens nacionais e internacionais, com entrada franca. A promo\u00e7\u00e3o \u00e9 da Associa\u00e7\u00e3o Brasileira de Cinema de Anima\u00e7\u00e3o (ABCA), e a iniciativa acontece desde 2004, sendo o maior evento de exibi\u00e7\u00e3o simult\u00e2nea do pa\u00eds.<\/p>\n<p>A comemora\u00e7\u00e3o registra a data em que ocorreu a primeira exibi\u00e7\u00e3o de imagens animadas no mundo, e acontece em dezenas de pa\u00edses, como Estados Unidos, Fran\u00e7a, Portugal, Coreia do Sul, Egito, Austr\u00e1lia e Jap\u00e3o, entre outros. O evento gera integra\u00e7\u00e3o cultural em todas as regi\u00f5es, mobilizando diversas comunidades e facilitando a inclus\u00e3o e o acesso da popula\u00e7\u00e3o \u00e0 cultura. Uma das caracter\u00edsticas do \u201cDia Internacional da Anima\u00e7\u00e3o\u201d \u00e9 a exibi\u00e7\u00e3o de filmes n\u00e3o s\u00f3 em grandes centros, como tamb\u00e9m em muitas cidades do interior do Brasil que n\u00e3o t\u00eam salas de cinema.<\/p>\n<p>Este ano, um dos destaques da programa\u00e7\u00e3o \u00e9 o curta \u201cTorre\u201d, dirigido por N\u00e1dia Mangolini e premiado no Festival de Cinema de Gramado com os Kikitos de melhor filme do p\u00fablico, da cr\u00edtica e dire\u00e7\u00e3o de arte, pelo j\u00fari oficial. O evento tamb\u00e9m disponibiliza para as cidades participantes vers\u00f5es da mostra nacional, com os recursos de audiodescri\u00e7\u00e3o, libras e legendagem, possibilitando o acesso de deficientes auditivos e visuais, al\u00e9m de pessoas com s\u00edndrome de down e autismo.<\/p>\n<p>Nos \u00faltimos anos, mais de cem mil espectadores prestigiaram a mostra. Por\u00e9m, esse n\u00famero n\u00e3o tem como ser exato, uma vez que as sess\u00f5es s\u00e3o gratuitas e acontecem em lugares alternativos e acess\u00edveis, como escolas e pra\u00e7as p\u00fablicas. O projeto \u00e9 viabilizado atrav\u00e9s de leis de incentivo, por meio de editais do Minist\u00e9rio da Cultura e da Secretaria do Audiovisual, via Fundo Nacional da Cultura.<\/p>\n<p><b>Confira a programa\u00e7\u00e3o em Juiz de Fora:<\/b><\/p>\n<p><b>Dia 27 &#8211; S\u00e1bado<\/b><\/p>\n<p>&#8211; Pra\u00e7a CEU (Avenida Juscelino Kubitschek, 5.899 \u2013 Benfica)<\/p>\n<p>10 horas \u2013 Mostra infantil<\/p>\n<p>16 horas \u2013 Mostras nacional e internacional<\/p>\n<p>&#8211; Museu Ferrovi\u00e1rio (Avenida Brasil, 2.001 \u2013 Centro)<\/p>\n<p>17 horas \u2013 Mostra infantil<\/p>\n<p><b>Dia 29 \u2013 Segunda-feira<\/b><\/p>\n<p>\u2013 Servi\u00e7o Social do Com\u00e9rcio (Sesc) &#8211; (Avenida Rio Branco, 3.090)<\/p>\n<p>16h30 &#8211; Mostra infantil<\/p>\n<p>18 horas \u2013 Mostras nacional e internacional<\/p>\n<p><b>Dia 3\/11 \u2013 S\u00e1bado<\/b><\/p>\n<p>\u2013 Museu Ferrovi\u00e1rio<\/p>\n<p>16 horas \u2013 Mostras nacional e internacional<\/p>\n<p>\u2013 Cine Clube Travessia (Rua Jacinto Marcelino, 25 &#8211; Vila Olavo Costa)<\/p>\n<p>16 horas \u2013 Mostra infantil<\/p>\n<p><em>Fonte: Assessoria<\/em><\/p>\n","protected":false},"excerpt":{"rendered":"<p>Juiz de Fora est\u00e1 entre as mais de 200 cidades brasileiras que participam da programa\u00e7\u00e3o comemorativa do \u201cDia Internacional da Anima\u00e7\u00e3o\u201d, celebrado em 28 de outubro. Quatro espa\u00e7os da cidade receber\u00e3o mostras de curtas-metragens nacionais e internacionais, com entrada franca. A promo\u00e7\u00e3o \u00e9 da Associa\u00e7\u00e3o Brasileira de Cinema de Anima\u00e7\u00e3o (ABCA), e a iniciativa acontece [&hellip;]<\/p>\n","protected":false},"author":96,"featured_media":0,"comment_status":"closed","ping_status":"closed","sticky":false,"template":"","format":"standard","meta":{"footnotes":""},"categories":[253,439],"tags":[],"class_list":["post-123954","post","type-post","status-publish","format-standard","hentry","category-cidade","category-ultima-hora"],"_links":{"self":[{"href":"https:\/\/diarioregionaldigital.com.br\/index.php?rest_route=\/wp\/v2\/posts\/123954","targetHints":{"allow":["GET"]}}],"collection":[{"href":"https:\/\/diarioregionaldigital.com.br\/index.php?rest_route=\/wp\/v2\/posts"}],"about":[{"href":"https:\/\/diarioregionaldigital.com.br\/index.php?rest_route=\/wp\/v2\/types\/post"}],"author":[{"embeddable":true,"href":"https:\/\/diarioregionaldigital.com.br\/index.php?rest_route=\/wp\/v2\/users\/96"}],"replies":[{"embeddable":true,"href":"https:\/\/diarioregionaldigital.com.br\/index.php?rest_route=%2Fwp%2Fv2%2Fcomments&post=123954"}],"version-history":[{"count":0,"href":"https:\/\/diarioregionaldigital.com.br\/index.php?rest_route=\/wp\/v2\/posts\/123954\/revisions"}],"wp:attachment":[{"href":"https:\/\/diarioregionaldigital.com.br\/index.php?rest_route=%2Fwp%2Fv2%2Fmedia&parent=123954"}],"wp:term":[{"taxonomy":"category","embeddable":true,"href":"https:\/\/diarioregionaldigital.com.br\/index.php?rest_route=%2Fwp%2Fv2%2Fcategories&post=123954"},{"taxonomy":"post_tag","embeddable":true,"href":"https:\/\/diarioregionaldigital.com.br\/index.php?rest_route=%2Fwp%2Fv2%2Ftags&post=123954"}],"curies":[{"name":"wp","href":"https:\/\/api.w.org\/{rel}","templated":true}]}}