{"id":123951,"date":"2018-10-26T10:21:08","date_gmt":"2018-10-26T12:21:08","guid":{"rendered":"https:\/\/diarioregionaldigital.com.br\/?p=123951"},"modified":"2018-10-26T10:21:08","modified_gmt":"2018-10-26T12:21:08","slug":"caminhoneiro-fica-ferido-na-br-116-em-alem-paraiba","status":"publish","type":"post","link":"https:\/\/diarioregionaldigital.com.br\/?p=123951","title":{"rendered":"Caminhoneiro fica ferido na BR-116 em Al\u00e9m Para\u00edba"},"content":{"rendered":"<p>Um caminh\u00e3o carregado com frutas e legumes tombou na BR-116 nessa quinta-feira, 25, na altura do Km 815,7, em Al\u00e9m Para\u00edba. O motorista foi socorrido por uma equipe do Servi\u00e7o de Atendimento M\u00f3vel de Urg\u00eancia (SAMU) e militares do Posto Avan\u00e7ado do Corpo de Bombeiros em Al\u00e9m Para\u00edba.<\/p>\n<p>De acordo com a Pol\u00edcia Rodovi\u00e1ria Federal, o motorista do caminh\u00e3o M. Benz L 608, placas de Al\u00e9m Para\u00edba, perdeu o controle da dire\u00e7\u00e3o e ap\u00f3s colidir em um barranco ficou tombado \u00e0s margens daquela rodovia. N\u00e3o houve reflexos no tr\u00e2nsito e o condutor do ve\u00edculo foi encaminhado com ferimentos leves para o Hospital S\u00e3o Salvador em Al\u00e9m Para\u00edba. Chovia no momento do acidente.<\/p>\n<p><em>Fonte: M\u00eddia Mineira<\/em><\/p>\n","protected":false},"excerpt":{"rendered":"<p>Um caminh\u00e3o carregado com frutas e legumes tombou na BR-116 nessa quinta-feira, 25, na altura do Km 815,7, em Al\u00e9m Para\u00edba. O motorista foi socorrido por uma equipe do Servi\u00e7o de Atendimento M\u00f3vel de Urg\u00eancia (SAMU) e militares do Posto Avan\u00e7ado do Corpo de Bombeiros em Al\u00e9m Para\u00edba. De acordo com a Pol\u00edcia Rodovi\u00e1ria Federal, [&hellip;]<\/p>\n","protected":false},"author":96,"featured_media":0,"comment_status":"closed","ping_status":"closed","sticky":false,"template":"","format":"standard","meta":{"footnotes":""},"categories":[252,439],"tags":[],"class_list":["post-123951","post","type-post","status-publish","format-standard","hentry","category-regiao","category-ultima-hora"],"_links":{"self":[{"href":"https:\/\/diarioregionaldigital.com.br\/index.php?rest_route=\/wp\/v2\/posts\/123951","targetHints":{"allow":["GET"]}}],"collection":[{"href":"https:\/\/diarioregionaldigital.com.br\/index.php?rest_route=\/wp\/v2\/posts"}],"about":[{"href":"https:\/\/diarioregionaldigital.com.br\/index.php?rest_route=\/wp\/v2\/types\/post"}],"author":[{"embeddable":true,"href":"https:\/\/diarioregionaldigital.com.br\/index.php?rest_route=\/wp\/v2\/users\/96"}],"replies":[{"embeddable":true,"href":"https:\/\/diarioregionaldigital.com.br\/index.php?rest_route=%2Fwp%2Fv2%2Fcomments&post=123951"}],"version-history":[{"count":0,"href":"https:\/\/diarioregionaldigital.com.br\/index.php?rest_route=\/wp\/v2\/posts\/123951\/revisions"}],"wp:attachment":[{"href":"https:\/\/diarioregionaldigital.com.br\/index.php?rest_route=%2Fwp%2Fv2%2Fmedia&parent=123951"}],"wp:term":[{"taxonomy":"category","embeddable":true,"href":"https:\/\/diarioregionaldigital.com.br\/index.php?rest_route=%2Fwp%2Fv2%2Fcategories&post=123951"},{"taxonomy":"post_tag","embeddable":true,"href":"https:\/\/diarioregionaldigital.com.br\/index.php?rest_route=%2Fwp%2Fv2%2Ftags&post=123951"}],"curies":[{"name":"wp","href":"https:\/\/api.w.org\/{rel}","templated":true}]}}