{"id":123945,"date":"2018-10-25T19:31:25","date_gmt":"2018-10-25T21:31:25","guid":{"rendered":"https:\/\/diarioregionaldigital.com.br\/?p=123945"},"modified":"2018-10-26T09:50:08","modified_gmt":"2018-10-26T11:50:08","slug":"datafolha-zema-68-anastasia-32","status":"publish","type":"post","link":"https:\/\/diarioregionaldigital.com.br\/?p=123945","title":{"rendered":"Datafolha: Zema, 68%; Anastasia, 32%"},"content":{"rendered":"<p>Nessa quinta-feira, 25, foi divulgada mais uma pesquisa do Datafolha, nela apontou que o candidato do Partido Novo, o empres\u00e1rio Romeu Zema, tem 68% das inten\u00e7\u00f5es dos votos v\u00e1lidos, enquanto Anastasia tem 32%.<\/p>\n<p>No levantamento anterior do mesmo instituto, Zema tinha 71% da prefer\u00eancia e Anastasia tinha 29%.\u00a0 Os eleitores que votar\u00e3o em branco ou nulo somam 9% dos entrevistados e 8% n\u00e3o sabem em quem votar.<\/p>\n<p>O levantamento foi realizado entre os dias 24 e 25 de outubro e tem margem de erro de tr\u00eas pontos percentuais, para mais ou para menos.<\/p>\n","protected":false},"excerpt":{"rendered":"<p>Nessa quinta-feira, 25, foi divulgada mais uma pesquisa do Datafolha, nela apontou que o candidato do Partido Novo, o empres\u00e1rio Romeu Zema, tem 68% das inten\u00e7\u00f5es dos votos v\u00e1lidos, enquanto Anastasia tem 32%. No levantamento anterior do mesmo instituto, Zema tinha 71% da prefer\u00eancia e Anastasia tinha 29%.\u00a0 Os eleitores que votar\u00e3o em branco ou [&hellip;]<\/p>\n","protected":false},"author":96,"featured_media":112381,"comment_status":"closed","ping_status":"closed","sticky":false,"template":"","format":"standard","meta":{"footnotes":""},"categories":[436,440,254,439],"tags":[],"class_list":["post-123945","post","type-post","status-publish","format-standard","has-post-thumbnail","hentry","category-destaque-da-semana","category-destaques-do-dia","category-politica","category-ultima-hora"],"_links":{"self":[{"href":"https:\/\/diarioregionaldigital.com.br\/index.php?rest_route=\/wp\/v2\/posts\/123945","targetHints":{"allow":["GET"]}}],"collection":[{"href":"https:\/\/diarioregionaldigital.com.br\/index.php?rest_route=\/wp\/v2\/posts"}],"about":[{"href":"https:\/\/diarioregionaldigital.com.br\/index.php?rest_route=\/wp\/v2\/types\/post"}],"author":[{"embeddable":true,"href":"https:\/\/diarioregionaldigital.com.br\/index.php?rest_route=\/wp\/v2\/users\/96"}],"replies":[{"embeddable":true,"href":"https:\/\/diarioregionaldigital.com.br\/index.php?rest_route=%2Fwp%2Fv2%2Fcomments&post=123945"}],"version-history":[{"count":0,"href":"https:\/\/diarioregionaldigital.com.br\/index.php?rest_route=\/wp\/v2\/posts\/123945\/revisions"}],"wp:featuredmedia":[{"embeddable":true,"href":"https:\/\/diarioregionaldigital.com.br\/index.php?rest_route=\/wp\/v2\/media\/112381"}],"wp:attachment":[{"href":"https:\/\/diarioregionaldigital.com.br\/index.php?rest_route=%2Fwp%2Fv2%2Fmedia&parent=123945"}],"wp:term":[{"taxonomy":"category","embeddable":true,"href":"https:\/\/diarioregionaldigital.com.br\/index.php?rest_route=%2Fwp%2Fv2%2Fcategories&post=123945"},{"taxonomy":"post_tag","embeddable":true,"href":"https:\/\/diarioregionaldigital.com.br\/index.php?rest_route=%2Fwp%2Fv2%2Ftags&post=123945"}],"curies":[{"name":"wp","href":"https:\/\/api.w.org\/{rel}","templated":true}]}}