{"id":123943,"date":"2018-10-26T09:53:24","date_gmt":"2018-10-26T11:53:24","guid":{"rendered":"https:\/\/diarioregionaldigital.com.br\/?p=123943"},"modified":"2018-10-26T09:53:24","modified_gmt":"2018-10-26T11:53:24","slug":"detento-passa-mal-e-morre-em-penitenciaria-de-juiz-de-fora","status":"publish","type":"post","link":"https:\/\/diarioregionaldigital.com.br\/?p=123943","title":{"rendered":"Detento passa mal e morre em penitenci\u00e1ria de Juiz de Fora"},"content":{"rendered":"<p>Um preso, de 28 anos, foi encontrado morto nessa quinta-feira, 25, na penitenci\u00e1ria Ariosvaldo Campos Pires, no bairro Linhares, na zona Leste de Juiz de Fora.<\/p>\n<p>Segundo outros presidi\u00e1rios, a v\u00edtima come\u00e7ou a passar mal por volta das 4h20, alegando estar com falta de ar. O detento foi retirado da cela para receber cuidados m\u00e9dicos, mas faleceu antes da chegada do Servi\u00e7o de Atendimento M\u00f3vel de Urg\u00eancia (SAMU).<\/p>\n<p style=\"padding-left: 30px;\">A per\u00edcia foi acionada e o corpo encaminhado ao Instituto Medi<\/p>\n<p>&nbsp;<\/p>\n","protected":false},"excerpt":{"rendered":"<p>Um preso, de 28 anos, foi encontrado morto nessa quinta-feira, 25, na penitenci\u00e1ria Ariosvaldo Campos Pires, no bairro Linhares, na zona Leste de Juiz de Fora. Segundo outros presidi\u00e1rios, a v\u00edtima come\u00e7ou a passar mal por volta das 4h20, alegando estar com falta de ar. O detento foi retirado da cela para receber cuidados m\u00e9dicos, [&hellip;]<\/p>\n","protected":false},"author":96,"featured_media":95836,"comment_status":"closed","ping_status":"closed","sticky":false,"template":"","format":"standard","meta":{"footnotes":""},"categories":[301],"tags":[],"class_list":["post-123943","post","type-post","status-publish","format-standard","has-post-thumbnail","hentry","category-artigos-policiais"],"_links":{"self":[{"href":"https:\/\/diarioregionaldigital.com.br\/index.php?rest_route=\/wp\/v2\/posts\/123943","targetHints":{"allow":["GET"]}}],"collection":[{"href":"https:\/\/diarioregionaldigital.com.br\/index.php?rest_route=\/wp\/v2\/posts"}],"about":[{"href":"https:\/\/diarioregionaldigital.com.br\/index.php?rest_route=\/wp\/v2\/types\/post"}],"author":[{"embeddable":true,"href":"https:\/\/diarioregionaldigital.com.br\/index.php?rest_route=\/wp\/v2\/users\/96"}],"replies":[{"embeddable":true,"href":"https:\/\/diarioregionaldigital.com.br\/index.php?rest_route=%2Fwp%2Fv2%2Fcomments&post=123943"}],"version-history":[{"count":0,"href":"https:\/\/diarioregionaldigital.com.br\/index.php?rest_route=\/wp\/v2\/posts\/123943\/revisions"}],"wp:featuredmedia":[{"embeddable":true,"href":"https:\/\/diarioregionaldigital.com.br\/index.php?rest_route=\/wp\/v2\/media\/95836"}],"wp:attachment":[{"href":"https:\/\/diarioregionaldigital.com.br\/index.php?rest_route=%2Fwp%2Fv2%2Fmedia&parent=123943"}],"wp:term":[{"taxonomy":"category","embeddable":true,"href":"https:\/\/diarioregionaldigital.com.br\/index.php?rest_route=%2Fwp%2Fv2%2Fcategories&post=123943"},{"taxonomy":"post_tag","embeddable":true,"href":"https:\/\/diarioregionaldigital.com.br\/index.php?rest_route=%2Fwp%2Fv2%2Ftags&post=123943"}],"curies":[{"name":"wp","href":"https:\/\/api.w.org\/{rel}","templated":true}]}}