{"id":123941,"date":"2018-10-26T09:35:15","date_gmt":"2018-10-26T11:35:15","guid":{"rendered":"https:\/\/diarioregionaldigital.com.br\/?p=123941"},"modified":"2018-10-26T09:35:15","modified_gmt":"2018-10-26T11:35:15","slug":"homens-roubam-moto-no-bairro-jardim-esperanca","status":"publish","type":"post","link":"https:\/\/diarioregionaldigital.com.br\/?p=123941","title":{"rendered":"Homens roubam moto no bairro Jardim Esperan\u00e7a"},"content":{"rendered":"<p>Um homem, de 33 anos, teve a moto roubada\u00a0 nessa quinta-feira, 25, na Rua Jo\u00e3o Pires de Almeida, no bairro Jardim Esperan\u00e7a, zona Norte de Juiz de Fora. Ele dirigia pelo local quando foi abordado por dois indiv\u00edduos, um deles armado com um rev\u00f3lver.<\/p>\n<p>Segundo a v\u00edtima, os assaltantes chegaram em uma moto e anunciaram o assalto. Na fuga, os autores levaram apenas a moto roubada na hora, a que usavam quando chegaram ao bairro foi abandonada no local do crime.<\/p>\n<p>De acordo com informa\u00e7\u00f5es da Pol\u00edcia Militar, o ve\u00edculo abandonado pelos autores \u00e9 de um homem, de 29 anos, e havia sido roubado no in\u00edcio dessa semana.<\/p>\n<p>Os assaltantes n\u00e3o foram encontrados.<\/p>\n<p>&nbsp;<\/p>\n<p>&nbsp;<\/p>\n<p>&nbsp;<\/p>\n<p>&nbsp;<\/p>\n","protected":false},"excerpt":{"rendered":"<p>Um homem, de 33 anos, teve a moto roubada\u00a0 nessa quinta-feira, 25, na Rua Jo\u00e3o Pires de Almeida, no bairro Jardim Esperan\u00e7a, zona Norte de Juiz de Fora. Ele dirigia pelo local quando foi abordado por dois indiv\u00edduos, um deles armado com um rev\u00f3lver. Segundo a v\u00edtima, os assaltantes chegaram em uma moto e anunciaram [&hellip;]<\/p>\n","protected":false},"author":96,"featured_media":95836,"comment_status":"closed","ping_status":"closed","sticky":false,"template":"","format":"standard","meta":{"footnotes":""},"categories":[301],"tags":[],"class_list":["post-123941","post","type-post","status-publish","format-standard","has-post-thumbnail","hentry","category-artigos-policiais"],"_links":{"self":[{"href":"https:\/\/diarioregionaldigital.com.br\/index.php?rest_route=\/wp\/v2\/posts\/123941","targetHints":{"allow":["GET"]}}],"collection":[{"href":"https:\/\/diarioregionaldigital.com.br\/index.php?rest_route=\/wp\/v2\/posts"}],"about":[{"href":"https:\/\/diarioregionaldigital.com.br\/index.php?rest_route=\/wp\/v2\/types\/post"}],"author":[{"embeddable":true,"href":"https:\/\/diarioregionaldigital.com.br\/index.php?rest_route=\/wp\/v2\/users\/96"}],"replies":[{"embeddable":true,"href":"https:\/\/diarioregionaldigital.com.br\/index.php?rest_route=%2Fwp%2Fv2%2Fcomments&post=123941"}],"version-history":[{"count":0,"href":"https:\/\/diarioregionaldigital.com.br\/index.php?rest_route=\/wp\/v2\/posts\/123941\/revisions"}],"wp:featuredmedia":[{"embeddable":true,"href":"https:\/\/diarioregionaldigital.com.br\/index.php?rest_route=\/wp\/v2\/media\/95836"}],"wp:attachment":[{"href":"https:\/\/diarioregionaldigital.com.br\/index.php?rest_route=%2Fwp%2Fv2%2Fmedia&parent=123941"}],"wp:term":[{"taxonomy":"category","embeddable":true,"href":"https:\/\/diarioregionaldigital.com.br\/index.php?rest_route=%2Fwp%2Fv2%2Fcategories&post=123941"},{"taxonomy":"post_tag","embeddable":true,"href":"https:\/\/diarioregionaldigital.com.br\/index.php?rest_route=%2Fwp%2Fv2%2Ftags&post=123941"}],"curies":[{"name":"wp","href":"https:\/\/api.w.org\/{rel}","templated":true}]}}