{"id":123936,"date":"2018-10-26T09:16:45","date_gmt":"2018-10-26T11:16:45","guid":{"rendered":"https:\/\/diarioregionaldigital.com.br\/?p=123936"},"modified":"2018-10-26T09:16:45","modified_gmt":"2018-10-26T11:16:45","slug":"jovem-e-assaltado-no-bairro-nova-era","status":"publish","type":"post","link":"https:\/\/diarioregionaldigital.com.br\/?p=123936","title":{"rendered":"Jovem \u00e9 assaltado no bairro Nova Era"},"content":{"rendered":"<p>Nessa quinta-feira, 25, um jovem, de 18 anos, foi assaltado na Rua Luiz Valentin, no bairro Nova Era, na zona Norte de Juiz de Fora. Por volta das 9h, ele passava pela via quando foi surpreendido por um homem armado com um rev\u00f3lver.<\/p>\n<p>O autor exigiu que a v\u00edtima entregasse o celular e, ap\u00f3s conseguir o telefone, fugiu em dire\u00e7\u00e3o ao bairro Sao Dami\u00e3o. Apesar do rastreamento feito pela Pol\u00edcia Militar, ele n\u00e3o foi encontrado.<\/p>\n<p>De acordo com o rapaz que sofreu o assalto, o indiv\u00edduo era moreno, magro, alto e, no momento do crime, usava uma blusa de moletom azul com capuz e bermuda.<\/p>\n","protected":false},"excerpt":{"rendered":"<p>Nessa quinta-feira, 25, um jovem, de 18 anos, foi assaltado na Rua Luiz Valentin, no bairro Nova Era, na zona Norte de Juiz de Fora. Por volta das 9h, ele passava pela via quando foi surpreendido por um homem armado com um rev\u00f3lver. O autor exigiu que a v\u00edtima entregasse o celular e, ap\u00f3s conseguir [&hellip;]<\/p>\n","protected":false},"author":96,"featured_media":95836,"comment_status":"closed","ping_status":"closed","sticky":false,"template":"","format":"standard","meta":{"footnotes":""},"categories":[301],"tags":[],"class_list":["post-123936","post","type-post","status-publish","format-standard","has-post-thumbnail","hentry","category-artigos-policiais"],"_links":{"self":[{"href":"https:\/\/diarioregionaldigital.com.br\/index.php?rest_route=\/wp\/v2\/posts\/123936","targetHints":{"allow":["GET"]}}],"collection":[{"href":"https:\/\/diarioregionaldigital.com.br\/index.php?rest_route=\/wp\/v2\/posts"}],"about":[{"href":"https:\/\/diarioregionaldigital.com.br\/index.php?rest_route=\/wp\/v2\/types\/post"}],"author":[{"embeddable":true,"href":"https:\/\/diarioregionaldigital.com.br\/index.php?rest_route=\/wp\/v2\/users\/96"}],"replies":[{"embeddable":true,"href":"https:\/\/diarioregionaldigital.com.br\/index.php?rest_route=%2Fwp%2Fv2%2Fcomments&post=123936"}],"version-history":[{"count":0,"href":"https:\/\/diarioregionaldigital.com.br\/index.php?rest_route=\/wp\/v2\/posts\/123936\/revisions"}],"wp:featuredmedia":[{"embeddable":true,"href":"https:\/\/diarioregionaldigital.com.br\/index.php?rest_route=\/wp\/v2\/media\/95836"}],"wp:attachment":[{"href":"https:\/\/diarioregionaldigital.com.br\/index.php?rest_route=%2Fwp%2Fv2%2Fmedia&parent=123936"}],"wp:term":[{"taxonomy":"category","embeddable":true,"href":"https:\/\/diarioregionaldigital.com.br\/index.php?rest_route=%2Fwp%2Fv2%2Fcategories&post=123936"},{"taxonomy":"post_tag","embeddable":true,"href":"https:\/\/diarioregionaldigital.com.br\/index.php?rest_route=%2Fwp%2Fv2%2Ftags&post=123936"}],"curies":[{"name":"wp","href":"https:\/\/api.w.org\/{rel}","templated":true}]}}