{"id":123931,"date":"2018-10-28T06:00:09","date_gmt":"2018-10-28T08:00:09","guid":{"rendered":"https:\/\/diarioregionaldigital.com.br\/?p=123931"},"modified":"2018-10-26T04:05:29","modified_gmt":"2018-10-26T06:05:29","slug":"privilege-19-anos-luxo-e-glamour","status":"publish","type":"post","link":"https:\/\/diarioregionaldigital.com.br\/?p=123931","title":{"rendered":"Privil\u00e9ge \u2013 19 Anos \u2013 Luxo e Glamour"},"content":{"rendered":"<p style=\"text-align: center;\"><strong>Evento<\/strong><\/p>\n<p style=\"text-align: center;\">Vem a\u00ed, no dia 23 de novembro, o Trof\u00e9u Josino Arag\u00e3o, no Mhall.<\/p>\n<p style=\"text-align: center;\"><strong>Noite Solid\u00e1ria<\/strong><\/p>\n<p style=\"text-align: center;\">A 12\u00ba edi\u00e7\u00e3o da Noite Solid\u00e1ria, tradicional evento promovido pelo Pr\u00f3-Volunt\u00e1rio da ArcelorMittal Juiz de Fora contou com a presen\u00e7a de mais de 400 convidados. Este ano, a institui\u00e7\u00e3o contemplada foi a ALAE, que receber\u00e1 o valor total arrecadado com a venda dos convites. O evento foi realizado no F\u00e1tima Buffet, e nesta edi\u00e7\u00e3o foram sorteadas 64 telas de renomados artistas pl\u00e1sticos em doa\u00e7\u00e3o de solidariedade.<\/p>\n<p style=\"text-align: center;\"><strong>CES\/JF<\/strong><\/p>\n<p style=\"text-align: center;\">As alunas dos cursos de Arquitetura e Urbanismo, Jornalismo, Publicidade e Propaganda e Design de Moda do CES\/JF, Larissa de Souza Fontes, Larissa Gioseffi Lima Guimar\u00e3es, Anna Carolina Miranda Furtado e Gabriela Mizrahy Lima participam do Projeto de Orienta\u00e7\u00e3o Vocacional do Col\u00e9gio Academia, onde falaram sobre os cursos e sobre os campos de atua\u00e7\u00e3o das profiss\u00f5es. Foi para os alunos do 2\u00ba ano do Ensino M\u00e9dio do Col\u00e9gio Academia.<\/p>\n<p style=\"text-align: center;\"><strong>Viol\u00eancia<\/strong><\/p>\n<p style=\"text-align: center;\">O pa\u00eds est\u00e1 estrangulado pela viol\u00eancia. Estamos diante de um verdadeiro circo de horrores. Precisamos entender que este flagelo funciona em cascata e que os exemplos, p\u00e9ssimos, estimulam e promovem o delito sem condena\u00e7\u00e3o nem puni\u00e7\u00e3o. Falei e disse.<\/p>\n<p style=\"text-align: center;\"><strong>Dica<\/strong><\/p>\n<p style=\"text-align: center;\">Um Sushi em forma de bolinha. O temarisushi \u00e9 a novidade do Sushibar Gurum\u00ea e leva atum e foie-gras. A rede est\u00e1 cheia de lan\u00e7amento: Sticks de atum empanados de vieira com calda de lichia e flor de sal e tacos de salm\u00e3o com tomate cereja.<\/p>\n<p style=\"text-align: center;\"><strong>Arejada<\/strong><\/p>\n<p style=\"text-align: center;\">Frescor \u00e9 a palavra de ordem na fragr\u00e2ncia Nomade da Chlo\u00e9, que acaba de chegar \u00e0s prateleiras nacionais. Criada pelo perfumista Quentim Bisch, ela tem Chipre floral, ameixa, fr\u00e9sia e musgo de carvalho para dar um cheiro de frescor e eleg\u00e2ncia.<\/p>\n<p style=\"text-align: center;\"><span style=\"font-size: 14pt;\"><strong>Privil\u00e9ge \u2013 19 Anos \u2013 Luxo e Glamour<\/strong><\/span><\/p>\n<p style=\"text-align: center;\">Com deslumbrante cen\u00e1rio de teatro medieval criado pelo talento de Dod\u00f4 Souza, o Privil\u00e9ge comemorou seus 19 anos de sucesso, e o diretor Ot\u00e1vio Fagundes Junior 26 anos de vida noturna em Juiz de Fora. Os jardins todo iluminado com lustres de cristal e o palco rebordado de luz foi o m\u00e1ximo para o animado show de Sandra Portella e Banda. No Caf\u00e9 da Mata o som de Dj Vov\u00f4 e dentro da casa o show da Banda Malibu. Uma noite inesquec\u00edvel. As fotos de Marc\u00edlio Gomes, Beto Souza e Zine registram pessoas especiais para a coluna.<\/p>\n<div id=\"attachment_123917\" style=\"width: 690px\" class=\"wp-caption aligncenter\"><img loading=\"lazy\" decoding=\"async\" aria-describedby=\"caption-attachment-123917\" class=\"wp-image-123917\" src=\"https:\/\/diarioregionaldigital.com.br\/wp-content\/uploads\/2018\/10\/fotoa-21-e1540532290291.jpg\" alt=\"\" width=\"680\" height=\"460\" srcset=\"https:\/\/diarioregionaldigital.com.br\/wp-content\/uploads\/2018\/10\/fotoa-21-e1540532290291.jpg 960w, https:\/\/diarioregionaldigital.com.br\/wp-content\/uploads\/2018\/10\/fotoa-21-e1540532290291-300x203.jpg 300w, https:\/\/diarioregionaldigital.com.br\/wp-content\/uploads\/2018\/10\/fotoa-21-e1540532290291-768x520.jpg 768w, https:\/\/diarioregionaldigital.com.br\/wp-content\/uploads\/2018\/10\/fotoa-21-e1540532290291-360x244.jpg 360w\" sizes=\"auto, (max-width: 680px) 100vw, 680px\" \/><p id=\"caption-attachment-123917\" class=\"wp-caption-text\">Em cena translumbrante, Tiago Capuzzo<\/p><\/div>\n<div id=\"attachment_123918\" style=\"width: 690px\" class=\"wp-caption aligncenter\"><img loading=\"lazy\" decoding=\"async\" aria-describedby=\"caption-attachment-123918\" class=\"wp-image-123918\" src=\"https:\/\/diarioregionaldigital.com.br\/wp-content\/uploads\/2018\/10\/fotob-16-e1540532321861.jpg\" alt=\"\" width=\"680\" height=\"497\" srcset=\"https:\/\/diarioregionaldigital.com.br\/wp-content\/uploads\/2018\/10\/fotob-16-e1540532321861.jpg 957w, https:\/\/diarioregionaldigital.com.br\/wp-content\/uploads\/2018\/10\/fotob-16-e1540532321861-300x219.jpg 300w, https:\/\/diarioregionaldigital.com.br\/wp-content\/uploads\/2018\/10\/fotob-16-e1540532321861-768x562.jpg 768w, https:\/\/diarioregionaldigital.com.br\/wp-content\/uploads\/2018\/10\/fotob-16-e1540532321861-360x263.jpg 360w\" sizes=\"auto, (max-width: 680px) 100vw, 680px\" \/><p id=\"caption-attachment-123918\" class=\"wp-caption-text\">Sans\u00e3o, Marc\u00edlio Gomes e o anfitri\u00e3o Ot\u00e1vio Fagundes Junior<\/p><\/div>\n<div id=\"attachment_123919\" style=\"width: 690px\" class=\"wp-caption aligncenter\"><img loading=\"lazy\" decoding=\"async\" aria-describedby=\"caption-attachment-123919\" class=\"wp-image-123919\" src=\"https:\/\/diarioregionaldigital.com.br\/wp-content\/uploads\/2018\/10\/fotoc-16.jpg\" alt=\"\" width=\"680\" height=\"510\" srcset=\"https:\/\/diarioregionaldigital.com.br\/wp-content\/uploads\/2018\/10\/fotoc-16.jpg 960w, https:\/\/diarioregionaldigital.com.br\/wp-content\/uploads\/2018\/10\/fotoc-16-300x225.jpg 300w, https:\/\/diarioregionaldigital.com.br\/wp-content\/uploads\/2018\/10\/fotoc-16-768x576.jpg 768w, https:\/\/diarioregionaldigital.com.br\/wp-content\/uploads\/2018\/10\/fotoc-16-360x270.jpg 360w\" sizes=\"auto, (max-width: 680px) 100vw, 680px\" \/><p id=\"caption-attachment-123919\" class=\"wp-caption-text\">Andressa Dias, Lenilson Fonseca, Priscila Bonsanto<\/p><\/div>\n<div id=\"attachment_123920\" style=\"width: 690px\" class=\"wp-caption aligncenter\"><img loading=\"lazy\" decoding=\"async\" aria-describedby=\"caption-attachment-123920\" class=\"wp-image-123920\" src=\"https:\/\/diarioregionaldigital.com.br\/wp-content\/uploads\/2018\/10\/fotod-16-e1540532354595.jpg\" alt=\"\" width=\"680\" height=\"533\" srcset=\"https:\/\/diarioregionaldigital.com.br\/wp-content\/uploads\/2018\/10\/fotod-16-e1540532354595.jpg 768w, https:\/\/diarioregionaldigital.com.br\/wp-content\/uploads\/2018\/10\/fotod-16-e1540532354595-300x235.jpg 300w, https:\/\/diarioregionaldigital.com.br\/wp-content\/uploads\/2018\/10\/fotod-16-e1540532354595-360x282.jpg 360w\" sizes=\"auto, (max-width: 680px) 100vw, 680px\" \/><p id=\"caption-attachment-123920\" class=\"wp-caption-text\">Amanda Chang e Marc\u00edlio Gomes<\/p><\/div>\n<div id=\"attachment_123921\" style=\"width: 690px\" class=\"wp-caption aligncenter\"><img loading=\"lazy\" decoding=\"async\" aria-describedby=\"caption-attachment-123921\" class=\"wp-image-123921\" src=\"https:\/\/diarioregionaldigital.com.br\/wp-content\/uploads\/2018\/10\/fotoe-16-e1540532388634.jpg\" alt=\"\" width=\"680\" height=\"537\" srcset=\"https:\/\/diarioregionaldigital.com.br\/wp-content\/uploads\/2018\/10\/fotoe-16-e1540532388634.jpg 765w, https:\/\/diarioregionaldigital.com.br\/wp-content\/uploads\/2018\/10\/fotoe-16-e1540532388634-300x237.jpg 300w, https:\/\/diarioregionaldigital.com.br\/wp-content\/uploads\/2018\/10\/fotoe-16-e1540532388634-360x284.jpg 360w\" sizes=\"auto, (max-width: 680px) 100vw, 680px\" \/><p id=\"caption-attachment-123921\" class=\"wp-caption-text\">O charme de Tenner Freitas<\/p><\/div>\n<div id=\"attachment_123922\" style=\"width: 690px\" class=\"wp-caption aligncenter\"><img loading=\"lazy\" decoding=\"async\" aria-describedby=\"caption-attachment-123922\" class=\"wp-image-123922\" src=\"https:\/\/diarioregionaldigital.com.br\/wp-content\/uploads\/2018\/10\/fotof-16.jpg\" alt=\"\" width=\"680\" height=\"510\" srcset=\"https:\/\/diarioregionaldigital.com.br\/wp-content\/uploads\/2018\/10\/fotof-16.jpg 960w, https:\/\/diarioregionaldigital.com.br\/wp-content\/uploads\/2018\/10\/fotof-16-300x225.jpg 300w, https:\/\/diarioregionaldigital.com.br\/wp-content\/uploads\/2018\/10\/fotof-16-768x576.jpg 768w, https:\/\/diarioregionaldigital.com.br\/wp-content\/uploads\/2018\/10\/fotof-16-360x270.jpg 360w\" sizes=\"auto, (max-width: 680px) 100vw, 680px\" \/><p id=\"caption-attachment-123922\" class=\"wp-caption-text\">Vin\u00edcius Ciribeli, Sandra Portella e Lenilson Fonseca<\/p><\/div>\n<div id=\"attachment_123923\" style=\"width: 690px\" class=\"wp-caption aligncenter\"><img loading=\"lazy\" decoding=\"async\" aria-describedby=\"caption-attachment-123923\" class=\"wp-image-123923\" src=\"https:\/\/diarioregionaldigital.com.br\/wp-content\/uploads\/2018\/10\/fotog-16.jpg\" alt=\"\" width=\"680\" height=\"511\" srcset=\"https:\/\/diarioregionaldigital.com.br\/wp-content\/uploads\/2018\/10\/fotog-16.jpg 960w, https:\/\/diarioregionaldigital.com.br\/wp-content\/uploads\/2018\/10\/fotog-16-300x225.jpg 300w, https:\/\/diarioregionaldigital.com.br\/wp-content\/uploads\/2018\/10\/fotog-16-768x577.jpg 768w, https:\/\/diarioregionaldigital.com.br\/wp-content\/uploads\/2018\/10\/fotog-16-360x270.jpg 360w\" sizes=\"auto, (max-width: 680px) 100vw, 680px\" \/><p id=\"caption-attachment-123923\" class=\"wp-caption-text\">Eduardo Gama, Eduardo Gomes e Ramon David<\/p><\/div>\n<div id=\"attachment_123924\" style=\"width: 690px\" class=\"wp-caption aligncenter\"><img loading=\"lazy\" decoding=\"async\" aria-describedby=\"caption-attachment-123924\" class=\"wp-image-123924\" src=\"https:\/\/diarioregionaldigital.com.br\/wp-content\/uploads\/2018\/10\/fotoh-17.jpg\" alt=\"\" width=\"680\" height=\"510\" srcset=\"https:\/\/diarioregionaldigital.com.br\/wp-content\/uploads\/2018\/10\/fotoh-17.jpg 960w, https:\/\/diarioregionaldigital.com.br\/wp-content\/uploads\/2018\/10\/fotoh-17-300x225.jpg 300w, https:\/\/diarioregionaldigital.com.br\/wp-content\/uploads\/2018\/10\/fotoh-17-768x576.jpg 768w, https:\/\/diarioregionaldigital.com.br\/wp-content\/uploads\/2018\/10\/fotoh-17-360x270.jpg 360w\" sizes=\"auto, (max-width: 680px) 100vw, 680px\" \/><p id=\"caption-attachment-123924\" class=\"wp-caption-text\">Isadora Almeida, Eduardo Gomes, Valdir Jr., Sandra Portella e Gustavo Reis<\/p><\/div>\n<div id=\"attachment_123925\" style=\"width: 690px\" class=\"wp-caption aligncenter\"><img loading=\"lazy\" decoding=\"async\" aria-describedby=\"caption-attachment-123925\" class=\"wp-image-123925\" src=\"https:\/\/diarioregionaldigital.com.br\/wp-content\/uploads\/2018\/10\/fotoi-13-e1540532618367.jpg\" alt=\"\" width=\"680\" height=\"481\" srcset=\"https:\/\/diarioregionaldigital.com.br\/wp-content\/uploads\/2018\/10\/fotoi-13-e1540532618367.jpg 960w, https:\/\/diarioregionaldigital.com.br\/wp-content\/uploads\/2018\/10\/fotoi-13-e1540532618367-300x212.jpg 300w, https:\/\/diarioregionaldigital.com.br\/wp-content\/uploads\/2018\/10\/fotoi-13-e1540532618367-768x543.jpg 768w, https:\/\/diarioregionaldigital.com.br\/wp-content\/uploads\/2018\/10\/fotoi-13-e1540532618367-750x530.jpg 750w, https:\/\/diarioregionaldigital.com.br\/wp-content\/uploads\/2018\/10\/fotoi-13-e1540532618367-360x255.jpg 360w, https:\/\/diarioregionaldigital.com.br\/wp-content\/uploads\/2018\/10\/fotoi-13-e1540532618367-100x70.jpg 100w\" sizes=\"auto, (max-width: 680px) 100vw, 680px\" \/><p id=\"caption-attachment-123925\" class=\"wp-caption-text\">Pedro Vidal, Eduardo Gomes, Lucas Lorhan e Italo Freguglia<\/p><\/div>\n<div id=\"attachment_123926\" style=\"width: 690px\" class=\"wp-caption aligncenter\"><img loading=\"lazy\" decoding=\"async\" aria-describedby=\"caption-attachment-123926\" class=\"wp-image-123926\" src=\"https:\/\/diarioregionaldigital.com.br\/wp-content\/uploads\/2018\/10\/fotoj-13.jpg\" alt=\"\" width=\"680\" height=\"510\" srcset=\"https:\/\/diarioregionaldigital.com.br\/wp-content\/uploads\/2018\/10\/fotoj-13.jpg 960w, https:\/\/diarioregionaldigital.com.br\/wp-content\/uploads\/2018\/10\/fotoj-13-300x225.jpg 300w, https:\/\/diarioregionaldigital.com.br\/wp-content\/uploads\/2018\/10\/fotoj-13-768x576.jpg 768w, https:\/\/diarioregionaldigital.com.br\/wp-content\/uploads\/2018\/10\/fotoj-13-360x270.jpg 360w\" sizes=\"auto, (max-width: 680px) 100vw, 680px\" \/><p id=\"caption-attachment-123926\" class=\"wp-caption-text\">Dani Verpel, Sandra Portella, Beto Souza, Priscila Bonsanto, Eduardo Gomes e Helenise Machado<\/p><\/div>\n<div id=\"attachment_123927\" style=\"width: 690px\" class=\"wp-caption aligncenter\"><img loading=\"lazy\" decoding=\"async\" aria-describedby=\"caption-attachment-123927\" class=\"wp-image-123927\" src=\"https:\/\/diarioregionaldigital.com.br\/wp-content\/uploads\/2018\/10\/fotol-8.jpg\" alt=\"\" width=\"680\" height=\"510\" srcset=\"https:\/\/diarioregionaldigital.com.br\/wp-content\/uploads\/2018\/10\/fotol-8.jpg 960w, https:\/\/diarioregionaldigital.com.br\/wp-content\/uploads\/2018\/10\/fotol-8-300x225.jpg 300w, https:\/\/diarioregionaldigital.com.br\/wp-content\/uploads\/2018\/10\/fotol-8-768x576.jpg 768w, https:\/\/diarioregionaldigital.com.br\/wp-content\/uploads\/2018\/10\/fotol-8-360x270.jpg 360w\" sizes=\"auto, (max-width: 680px) 100vw, 680px\" \/><p id=\"caption-attachment-123927\" class=\"wp-caption-text\">M\u00e1rcio Marques, Sandra Portella e Ricardo Alex<\/p><\/div>\n<div id=\"attachment_123928\" style=\"width: 690px\" class=\"wp-caption aligncenter\"><img loading=\"lazy\" decoding=\"async\" aria-describedby=\"caption-attachment-123928\" class=\"wp-image-123928\" src=\"https:\/\/diarioregionaldigital.com.br\/wp-content\/uploads\/2018\/10\/fotom-5.jpg\" alt=\"\" width=\"680\" height=\"495\" srcset=\"https:\/\/diarioregionaldigital.com.br\/wp-content\/uploads\/2018\/10\/fotom-5.jpg 960w, https:\/\/diarioregionaldigital.com.br\/wp-content\/uploads\/2018\/10\/fotom-5-300x218.jpg 300w, https:\/\/diarioregionaldigital.com.br\/wp-content\/uploads\/2018\/10\/fotom-5-768x559.jpg 768w, https:\/\/diarioregionaldigital.com.br\/wp-content\/uploads\/2018\/10\/fotom-5-360x262.jpg 360w\" sizes=\"auto, (max-width: 680px) 100vw, 680px\" \/><p id=\"caption-attachment-123928\" class=\"wp-caption-text\">Celinho Vidal, Marc\u00edlio Gomes, Aline Bastos e Eduardo Gomes<\/p><\/div>\n<div id=\"attachment_123929\" style=\"width: 690px\" class=\"wp-caption aligncenter\"><img loading=\"lazy\" decoding=\"async\" aria-describedby=\"caption-attachment-123929\" class=\"wp-image-123929\" src=\"https:\/\/diarioregionaldigital.com.br\/wp-content\/uploads\/2018\/10\/foton-4-e1540532761312.jpg\" alt=\"\" width=\"680\" height=\"450\" srcset=\"https:\/\/diarioregionaldigital.com.br\/wp-content\/uploads\/2018\/10\/foton-4-e1540532761312.jpg 610w, https:\/\/diarioregionaldigital.com.br\/wp-content\/uploads\/2018\/10\/foton-4-e1540532761312-300x199.jpg 300w, https:\/\/diarioregionaldigital.com.br\/wp-content\/uploads\/2018\/10\/foton-4-e1540532761312-360x238.jpg 360w\" sizes=\"auto, (max-width: 680px) 100vw, 680px\" \/><p id=\"caption-attachment-123929\" class=\"wp-caption-text\">Myrliane Le\u00e3o, Peterson Gomes, Eduardo Gomes e Maria Elisa Fellet<\/p><\/div>\n<div id=\"attachment_123930\" style=\"width: 690px\" class=\"wp-caption aligncenter\"><img loading=\"lazy\" decoding=\"async\" aria-describedby=\"caption-attachment-123930\" class=\"wp-image-123930\" src=\"https:\/\/diarioregionaldigital.com.br\/wp-content\/uploads\/2018\/10\/fotoo-3-e1540532934691.jpg\" alt=\"\" width=\"680\" height=\"476\" srcset=\"https:\/\/diarioregionaldigital.com.br\/wp-content\/uploads\/2018\/10\/fotoo-3-e1540532934691.jpg 960w, https:\/\/diarioregionaldigital.com.br\/wp-content\/uploads\/2018\/10\/fotoo-3-e1540532934691-300x210.jpg 300w, https:\/\/diarioregionaldigital.com.br\/wp-content\/uploads\/2018\/10\/fotoo-3-e1540532934691-768x538.jpg 768w, https:\/\/diarioregionaldigital.com.br\/wp-content\/uploads\/2018\/10\/fotoo-3-e1540532934691-360x252.jpg 360w, https:\/\/diarioregionaldigital.com.br\/wp-content\/uploads\/2018\/10\/fotoo-3-e1540532934691-100x70.jpg 100w\" sizes=\"auto, (max-width: 680px) 100vw, 680px\" \/><p id=\"caption-attachment-123930\" class=\"wp-caption-text\">Carol Novy, Marc\u00edlio Gomes e Fl\u00e1via Ramos<\/p><\/div>\n<p style=\"text-align: center;\"><strong>FOTOSS\u00cdNTESE<\/strong><\/p>\n<p>Em ritmo finesse total, ser\u00e1 realizado, no dia 10 de novembro, o jantar de Confraterniza\u00e7\u00e3o do 54\u00ba anivers\u00e1rio do Clube S\u00edrio e Liban\u00eas. O grupo de Dan\u00e7a \u00c1rabe Nabak far\u00e1 apresenta\u00e7\u00e3o e os cantores Gustavo Costa e o filho J\u00fanior o tom musical.<\/p>\n<p>Com estilo e glamour, ser\u00e1 lan\u00e7ada no dia 13 de novembro, \u00e0s 19h30, na Est\u00e2ncia Dom Vi\u00e7oso, a ag\u00eancia Kadosh Models. Em cena desfile maravilhoso com apresenta\u00e7\u00e3o da mega modelo J\u00falia Horta e apresenta\u00e7\u00e3o deste colunista.<\/p>\n<p>Eterna rainha da cocada preta, a psic\u00f3loga Ros\u00e2ngela Rossi faz lan\u00e7amento de seu livro \u201cDeus joga ou n\u00e3o dados?\u201d Na oportunidade far\u00e1 a palestra \u201cPossibilidades Infinitas\u201d. Ser\u00e1 dia 10 de novembro, \u00e0s 17h, no Hotel Serrano.<\/p>\n<p>Abrindo portas para o sucesso, a cantora diva Sandra Portella faz show Canta Clara Nunes, no dia 1\u00ba de novembro, \u00e0s 20h, na Sala Baden Powell (RJ), com participa\u00e7\u00e3o de Milton Cunha.<\/p>\n<p>Depois do sucesso do \u201cEmpodere suas vendas\u201d, a Master Coach Gilmara Delgado Rocha promove palestra \u201cEmpodere sua Fala\u201d no dia 21 de novembro, \u00e0s 18h30, na Est\u00e2ncia Dom Vi\u00e7oso.<\/p>\n<p>Hoje \u00e0 noite, o blindex vai estra\u00e7alhar na Toca da Raposa, no Ladeira, com mais uma edi\u00e7\u00e3o do TiTiTi da Resenha (Xiiiii), com o mais puro samba de raiz.<\/p>\n<p>Foi muito aplaudida a palestra \u201cOs princ\u00edpios que regem a administra\u00e7\u00e3o p\u00fablica\u201d com o advogado Paulo Roberto Medina a convite da IAB e da C\u00e2mara Municipal de Ub\u00e1. O evento fez parte das comemora\u00e7\u00e3o dos 30 anos da Constitui\u00e7\u00e3o de 1988.<\/p>\n<p>A Arteria recebe at\u00e9 o dia 30 a 2\u00aa Exposi\u00e7\u00e3o de Trabalhos Acad\u00eamicos em comemora\u00e7\u00e3o aos 20 anos da IAB\/JF.<\/p>\n<p>Disparado a ex-modelo e advogada Erika Rocha Calixto (com Z\u00e9 Calixto) era a mulher mais linda dentre tantas na festa dos 19 anos do Privil\u00e9ge.<\/p>\n<p>Para ler no quadro negro: \u201c\u00c9 necess\u00e1rio cuidar da \u00e9tica para n\u00e3o anestesiarmos a nossa consci\u00eancia e come\u00e7armos a achar que tudo \u00e9 normal\u201d. (Mario S\u00e9rgio Cortella). Bom dia!<\/p>\n","protected":false},"excerpt":{"rendered":"<p>Evento Vem a\u00ed, no dia 23 de novembro, o Trof\u00e9u Josino Arag\u00e3o, no Mhall. Noite Solid\u00e1ria A 12\u00ba edi\u00e7\u00e3o da Noite Solid\u00e1ria, tradicional evento promovido pelo Pr\u00f3-Volunt\u00e1rio da ArcelorMittal Juiz de Fora contou com a presen\u00e7a de mais de 400 convidados. Este ano, a institui\u00e7\u00e3o contemplada foi a ALAE, que receber\u00e1 o valor total arrecadado [&hellip;]<\/p>\n","protected":false},"author":96,"featured_media":123917,"comment_status":"closed","ping_status":"closed","sticky":false,"template":"","format":"standard","meta":{"footnotes":""},"categories":[264],"tags":[],"class_list":["post-123931","post","type-post","status-publish","format-standard","has-post-thumbnail","hentry","category-eduardo-gomes"],"_links":{"self":[{"href":"https:\/\/diarioregionaldigital.com.br\/index.php?rest_route=\/wp\/v2\/posts\/123931","targetHints":{"allow":["GET"]}}],"collection":[{"href":"https:\/\/diarioregionaldigital.com.br\/index.php?rest_route=\/wp\/v2\/posts"}],"about":[{"href":"https:\/\/diarioregionaldigital.com.br\/index.php?rest_route=\/wp\/v2\/types\/post"}],"author":[{"embeddable":true,"href":"https:\/\/diarioregionaldigital.com.br\/index.php?rest_route=\/wp\/v2\/users\/96"}],"replies":[{"embeddable":true,"href":"https:\/\/diarioregionaldigital.com.br\/index.php?rest_route=%2Fwp%2Fv2%2Fcomments&post=123931"}],"version-history":[{"count":0,"href":"https:\/\/diarioregionaldigital.com.br\/index.php?rest_route=\/wp\/v2\/posts\/123931\/revisions"}],"wp:featuredmedia":[{"embeddable":true,"href":"https:\/\/diarioregionaldigital.com.br\/index.php?rest_route=\/wp\/v2\/media\/123917"}],"wp:attachment":[{"href":"https:\/\/diarioregionaldigital.com.br\/index.php?rest_route=%2Fwp%2Fv2%2Fmedia&parent=123931"}],"wp:term":[{"taxonomy":"category","embeddable":true,"href":"https:\/\/diarioregionaldigital.com.br\/index.php?rest_route=%2Fwp%2Fv2%2Fcategories&post=123931"},{"taxonomy":"post_tag","embeddable":true,"href":"https:\/\/diarioregionaldigital.com.br\/index.php?rest_route=%2Fwp%2Fv2%2Ftags&post=123931"}],"curies":[{"name":"wp","href":"https:\/\/api.w.org\/{rel}","templated":true}]}}