{"id":123896,"date":"2018-10-25T20:25:24","date_gmt":"2018-10-25T22:25:24","guid":{"rendered":"https:\/\/diarioregionaldigital.com.br\/?p=123896"},"modified":"2018-10-25T20:25:24","modified_gmt":"2018-10-25T22:25:24","slug":"liraa-aponta-estado-de-alerta-para-juiz-de-fora","status":"publish","type":"post","link":"https:\/\/diarioregionaldigital.com.br\/?p=123896","title":{"rendered":"LIRAa aponta estado de alerta para Juiz de Fora"},"content":{"rendered":"<p>A Secretaria de Sa\u00fade divulgou nesta quinta-feira, 25, o resultado do \u00faltimo Levantamento do \u00cdndice R\u00e1pido do Aedes aegypti (LIRAa). O \u00edndice de 2.3% \u00e9 baixo, mas coloca o munic\u00edpio em estado de alerta de acordo com o Minist\u00e9rio da Sa\u00fade. Ao todo, 15 equipes de agentes, 150 pessoas envolvidas, vistoriaram 5.594 im\u00f3veis em 221 bairros, entre os dias 15 e 19 de outubro. Para o levantamento, foram analisadas 381 amostras, sendo 134 positivas para o Aedes.<\/p>\n<p>De acordo com pesquisa, a porcentagem de focos encontrados dentro das casas aumentou de 80% para 98%. Elizabeth Juc\u00e1, Secret\u00e1ria de Sa\u00fade, explica que esse \u00edndice \u00e9 resultado de um conjunto de fatores. \u201cO primeiro \u00e9 o fator clim\u00e1tico, come\u00e7ou a chover bastante. Segundo, foi um relaxamento por parte da popula\u00e7\u00e3o. Em 2016 houve uma epidemia e a popula\u00e7\u00e3o ficou muito alerta, mas agora as pessoas est\u00e3o ficando mais acomodadas\u201d, disse. A Secret\u00e1ria convoca a popula\u00e7\u00e3o para combater o Aedes. \u201cO poder p\u00fablico n\u00e3o consegue fazer todo seu papel e, por isso, eu convoco as pessoas para verificarem suas casas. Isso ser\u00e1 bom para toda sociedade\u201d.<\/p>\n<p>A pesquisa tamb\u00e9m mostra que os focos est\u00e3o pulverizados em toda a cidade, como nos bairros Vila Ideal, S\u00e3o Judas Tadeu, Borboleta, Sagrado Cora\u00e7\u00e3o, S\u00e3o Mateus e Linhares s\u00e3o os com maiores \u00edndices de focos encontrados. \u201cVerificamos a modifica\u00e7\u00e3o dos focos positivos na cidade. Durante muito tempo a regi\u00e3o Norte foi o nosso ponto-chave de combate de vulnerabilidade. Em 2016, esse ponto migrou para a zona Sul e agora verificamos os focos espalhados em todas as regi\u00f5es do munic\u00edpio\u201d, analisa Rodrigo Almeida, Subsecret\u00e1rio de Vigil\u00e2ncia em Sa\u00fade.<\/p>\n<p>De janeiro at\u00e9 outubro, foram 83 casos de dengue confirmados, 17 casos de chikungunya e tr\u00eas casos de zika. Cec\u00edlia Kosmann, Gerente do Departamento de Vigil\u00e2ncia Epidemiol\u00f3gica Ambiental da Secretaria de Sa\u00fade, ressalta que, mesmo com o n\u00famero baixo de casos em Juiz de Fora, a distribui\u00e7\u00e3o homog\u00eanea dos focos na cidade \u00e9 um alerta. \u201cSe chegar um v\u00edrus em um desses focos e come\u00e7ar a circular, ele vai encontrar as condi\u00e7\u00f5es necess\u00e1rias para se propagar. Esse cuidado tem que ser redobrado\u201d, disse. Ela ainda refor\u00e7a que \u00e9 importante que a popula\u00e7\u00e3o esteja monitorando suas casas e fique de olho nos locais vizinhos.<\/p>\n<p><strong>Prefeitura antecipa as a\u00e7\u00f5es<\/strong><\/p>\n<p>Algumas a\u00e7\u00f5es v\u00eam sendo desenvolvidas em Juiz de Fora com o intuito de combater o mosquito. Uma delas \u00e9 a Sala de Opera\u00e7\u00f5es de Combate ao Aedes, coordenada pela Secretaria de Sa\u00fade, que ser\u00e1 reestruturada a partir de agora. A Sala de Opera\u00e7\u00f5es est\u00e1 atuando na cidade desde o in\u00edcio do ano, com a\u00e7\u00e3o direta da Defesa Civil, Departamento Municipal de Limpeza Urbana (Demlurb), secretarias de Atividades Urbanas (SAU) e de Obras (SO), Guarda Municipal e apoio das demais secretarias.<\/p>\n<p>Al\u00e9m disso, a parceria com o Ex\u00e9rcito tamb\u00e9m \u00e9 um ponto importante para o combate ao Aedes aegypti. Ao todo, 228 homens refor\u00e7am o trabalho dos agentes, monitorando 215 pontos estrat\u00e9gicos e realizando a\u00e7\u00f5es extras, como recolhimento de pneus, um dos principais vil\u00f5es na prolifera\u00e7\u00e3o do mosquito.<\/p>\n<p>Outro grande refor\u00e7o para as a\u00e7\u00f5es realizadas na cidade s\u00e3o as \u201covitrampas\u201d, armadilhas utilizadas para o monitoramento e o controle populacional do Aedes, as quais est\u00e3o espalhadas 165 delas na cidade nas regi\u00f5es Norte, Leste e Nordeste. Segundo Cecilia, essas armadilhas s\u00e3o monitoradas semanalmente, possibilitando uma resposta quase que em tempo real. \u201cA partir de uma armadilha positiva para o Aedes aegypti, direcionamos nossas a\u00e7\u00f5es para esses locais, para que possamos realizar um tratamento\u201d, disse.\u00a0 A expectativa \u00e9 chegar em 400 armadilhas at\u00e9 o primeiro trimestre de 2019.<\/p>\n<p>O Disque-Dengue 199 continua dispon\u00edvel para den\u00fancias.<\/p>\n<p><strong>Aedes do Bem<\/strong><\/p>\n<p>A Secret\u00e1ria de Sa\u00fade, Elizabeth Juc\u00e1, informou que o contrato com a Oxitec, empresa respons\u00e1vel pela realiza\u00e7\u00e3o do projeto na cidade, foi suspenso temporariamente. \u201cEssa suspens\u00e3o vem em fator de que estamos revendo todos os contratos da prefeitura em fun\u00e7\u00e3o da crise fiscal. Al\u00e9m disso, acabou a primeira fase do nosso contrato e estamos avaliando a efetividade e o custo benef\u00edcio da a\u00e7\u00e3o. Esses dois motivos nos levaram \u00e0 suspens\u00e3o do projeto\u201d. Elizabeth explica que esse estudo foi implantado em regi\u00f5es dos bairros Vila Olavo Costa, Monte Castelo e Santa Luzia, somando 10 mil pessoas. De acordo com ela, essa suspens\u00e3o n\u00e3o influencia no resultado apresentado, uma vez que esses locais n\u00e3o est\u00e3o na lista dos mais infestados.<\/p>\n","protected":false},"excerpt":{"rendered":"<p>A Secretaria de Sa\u00fade divulgou nesta quinta-feira, 25, o resultado do \u00faltimo Levantamento do \u00cdndice R\u00e1pido do Aedes aegypti (LIRAa). O \u00edndice de 2.3% \u00e9 baixo, mas coloca o munic\u00edpio em estado de alerta de acordo com o Minist\u00e9rio da Sa\u00fade. Ao todo, 15 equipes de agentes, 150 pessoas envolvidas, vistoriaram 5.594 im\u00f3veis em 221 [&hellip;]<\/p>\n","protected":false},"author":96,"featured_media":123898,"comment_status":"closed","ping_status":"closed","sticky":false,"template":"","format":"standard","meta":{"footnotes":""},"categories":[253,436,440,439],"tags":[],"class_list":["post-123896","post","type-post","status-publish","format-standard","has-post-thumbnail","hentry","category-cidade","category-destaque-da-semana","category-destaques-do-dia","category-ultima-hora"],"_links":{"self":[{"href":"https:\/\/diarioregionaldigital.com.br\/index.php?rest_route=\/wp\/v2\/posts\/123896","targetHints":{"allow":["GET"]}}],"collection":[{"href":"https:\/\/diarioregionaldigital.com.br\/index.php?rest_route=\/wp\/v2\/posts"}],"about":[{"href":"https:\/\/diarioregionaldigital.com.br\/index.php?rest_route=\/wp\/v2\/types\/post"}],"author":[{"embeddable":true,"href":"https:\/\/diarioregionaldigital.com.br\/index.php?rest_route=\/wp\/v2\/users\/96"}],"replies":[{"embeddable":true,"href":"https:\/\/diarioregionaldigital.com.br\/index.php?rest_route=%2Fwp%2Fv2%2Fcomments&post=123896"}],"version-history":[{"count":0,"href":"https:\/\/diarioregionaldigital.com.br\/index.php?rest_route=\/wp\/v2\/posts\/123896\/revisions"}],"wp:featuredmedia":[{"embeddable":true,"href":"https:\/\/diarioregionaldigital.com.br\/index.php?rest_route=\/wp\/v2\/media\/123898"}],"wp:attachment":[{"href":"https:\/\/diarioregionaldigital.com.br\/index.php?rest_route=%2Fwp%2Fv2%2Fmedia&parent=123896"}],"wp:term":[{"taxonomy":"category","embeddable":true,"href":"https:\/\/diarioregionaldigital.com.br\/index.php?rest_route=%2Fwp%2Fv2%2Fcategories&post=123896"},{"taxonomy":"post_tag","embeddable":true,"href":"https:\/\/diarioregionaldigital.com.br\/index.php?rest_route=%2Fwp%2Fv2%2Ftags&post=123896"}],"curies":[{"name":"wp","href":"https:\/\/api.w.org\/{rel}","templated":true}]}}