{"id":123894,"date":"2018-10-26T06:00:50","date_gmt":"2018-10-26T08:00:50","guid":{"rendered":"https:\/\/diarioregionaldigital.com.br\/?p=123894"},"modified":"2018-10-26T02:53:59","modified_gmt":"2018-10-26T04:53:59","slug":"arte","status":"publish","type":"post","link":"https:\/\/diarioregionaldigital.com.br\/?p=123894","title":{"rendered":"Arte"},"content":{"rendered":"<p style=\"text-align: center;\"><strong>No Serrado <\/strong><\/p>\n<p style=\"text-align: center;\">Em ritmo de encontro de lideran\u00e7as, o presidente do Sinteac em Juiz de Fora, S\u00e9rgio F\u00e9lix, est\u00e1 sob o c\u00e9u de Bras\u00edlia. Hoje ele participa de reuni\u00e3o com o representante da Organiza\u00e7\u00e3o Internacional do Trabalho, Martin Hahn. Na esteira, a terceiriza\u00e7\u00e3o e as consequ\u00eancias da gest\u00e3o p\u00fablica.<\/p>\n<p style=\"text-align: center;\"><strong>Cariocando <\/strong><\/p>\n<p style=\"text-align: center;\">Aproveitando os lindos dias de primavera, as m\u00e9dicas El\u00edzia M\u00e1rcia Guilherme e Monique Policiano Pereira formaram grupo de especialistas de Juiz de Fora que participou do 22\u00ba Congresso Mundial de Ginecologia e obstetr\u00edcia realizado no Rio Centro.<\/p>\n<p style=\"text-align: center;\"><strong>Bis <\/strong><\/p>\n<p style=\"text-align: center;\">O Rock in Rio est\u00e1 em avan\u00e7ada negocia\u00e7\u00e3o para trazer novamente \u00e0 terra carioca a banda americana Pearl Jam, que se apresentou no Brasil, em 2017, no Maracan\u00e3.<\/p>\n<p style=\"text-align: center;\"><strong>Dica <\/strong><\/p>\n<p style=\"text-align: center;\">Para se divertir muito, a dica \u00e9 dar um pulinho no Rio e curtir a Festa Rara no s\u00e1bado. A Casa Fran\u00e7a-Brasil vai virar pista, reunindo gente bonita com som dos Dj\u2019s Danny Krivit e Selvagem.<\/p>\n<p style=\"text-align: center;\"><strong>Arte <\/strong><\/p>\n<p style=\"text-align: center;\">Ber\u00e7o da arte, o Centro Cultural Bernardo Mascarenhas est\u00e1 promovendo o evento \u201cProfessor Tamb\u00e9m faz Arte\u201d e \u201cMostra Estudantil de Arte\u201d, pintando o sete. A mostra re\u00fane mais de quatro mil participantes no Mascarenhas. Os trabalhos art\u00edstico e pedag\u00f3gico t\u00eam coordena\u00e7\u00e3o da Secretaria de Educa\u00e7\u00e3o (SE).<\/p>\n<p style=\"text-align: center;\"><span style=\"font-size: 14pt;\"><strong>Sucesso<\/strong><\/span><\/p>\n<p style=\"text-align: center;\">A Plataforma Mundo Fashionista JF re\u00fane, no momento, 13 meninas com idade entre 4 e 13 anos, que participam de desfiles, divulgam v\u00e1rias marcas, fotografam para cat\u00e1logos e revistas, fazem Presen\u00e7a VIP, al\u00e9m de se apresentarem cantando e dan\u00e7ando sua pr\u00f3pria m\u00fasica. Muito atuante nas redes sociais, as integrantes do MFJF possuem juntas mais de 200 mil seguidores. Enfim, essa turminha encanta a todos por onde passa.<\/p>\n<div id=\"attachment_123883\" style=\"width: 690px\" class=\"wp-caption aligncenter\"><img loading=\"lazy\" decoding=\"async\" aria-describedby=\"caption-attachment-123883\" class=\"wp-image-123883\" src=\"https:\/\/diarioregionaldigital.com.br\/wp-content\/uploads\/2018\/10\/fotoaa-10.jpg\" alt=\"\" width=\"680\" height=\"1020\" srcset=\"https:\/\/diarioregionaldigital.com.br\/wp-content\/uploads\/2018\/10\/fotoaa-10.jpg 640w, https:\/\/diarioregionaldigital.com.br\/wp-content\/uploads\/2018\/10\/fotoaa-10-200x300.jpg 200w, https:\/\/diarioregionaldigital.com.br\/wp-content\/uploads\/2018\/10\/fotoaa-10-360x540.jpg 360w\" sizes=\"auto, (max-width: 680px) 100vw, 680px\" \/><p id=\"caption-attachment-123883\" class=\"wp-caption-text\">Plataforma Mundo Fashionista JF<\/p><\/div>\n<div id=\"attachment_123882\" style=\"width: 690px\" class=\"wp-caption aligncenter\"><img loading=\"lazy\" decoding=\"async\" aria-describedby=\"caption-attachment-123882\" class=\"wp-image-123882\" src=\"https:\/\/diarioregionaldigital.com.br\/wp-content\/uploads\/2018\/10\/fotoa-20-e1540504954474.jpg\" alt=\"\" width=\"680\" height=\"589\" srcset=\"https:\/\/diarioregionaldigital.com.br\/wp-content\/uploads\/2018\/10\/fotoa-20-e1540504954474.jpg 1154w, https:\/\/diarioregionaldigital.com.br\/wp-content\/uploads\/2018\/10\/fotoa-20-e1540504954474-300x260.jpg 300w, https:\/\/diarioregionaldigital.com.br\/wp-content\/uploads\/2018\/10\/fotoa-20-e1540504954474-768x666.jpg 768w, https:\/\/diarioregionaldigital.com.br\/wp-content\/uploads\/2018\/10\/fotoa-20-e1540504954474-1024x887.jpg 1024w, https:\/\/diarioregionaldigital.com.br\/wp-content\/uploads\/2018\/10\/fotoa-20-e1540504954474-360x312.jpg 360w\" sizes=\"auto, (max-width: 680px) 100vw, 680px\" \/><p id=\"caption-attachment-123882\" class=\"wp-caption-text\">Bel\u00edssima Miss Juiz de Fora CNB, Maria Eduarda Azevedo em produ\u00e7\u00e3o de Diley Almeida e foto de Felipe Bolpato, pronta para o Miss Minas Gerais<\/p><\/div>\n<div id=\"attachment_123884\" style=\"width: 690px\" class=\"wp-caption aligncenter\"><img loading=\"lazy\" decoding=\"async\" aria-describedby=\"caption-attachment-123884\" class=\"wp-image-123884\" src=\"https:\/\/diarioregionaldigital.com.br\/wp-content\/uploads\/2018\/10\/fotob-15-e1540505001579.jpg\" alt=\"\" width=\"680\" height=\"485\" srcset=\"https:\/\/diarioregionaldigital.com.br\/wp-content\/uploads\/2018\/10\/fotob-15-e1540505001579.jpg 842w, https:\/\/diarioregionaldigital.com.br\/wp-content\/uploads\/2018\/10\/fotob-15-e1540505001579-300x214.jpg 300w, https:\/\/diarioregionaldigital.com.br\/wp-content\/uploads\/2018\/10\/fotob-15-e1540505001579-768x547.jpg 768w, https:\/\/diarioregionaldigital.com.br\/wp-content\/uploads\/2018\/10\/fotob-15-e1540505001579-360x257.jpg 360w, https:\/\/diarioregionaldigital.com.br\/wp-content\/uploads\/2018\/10\/fotob-15-e1540505001579-100x70.jpg 100w\" sizes=\"auto, (max-width: 680px) 100vw, 680px\" \/><p id=\"caption-attachment-123884\" class=\"wp-caption-text\">Fl\u00e1vio Fusco, o rei do #fuicomFusco, em viagem ao Peru<\/p><\/div>\n<div id=\"attachment_123885\" style=\"width: 690px\" class=\"wp-caption aligncenter\"><img loading=\"lazy\" decoding=\"async\" aria-describedby=\"caption-attachment-123885\" class=\"wp-image-123885\" src=\"https:\/\/diarioregionaldigital.com.br\/wp-content\/uploads\/2018\/10\/fotoc-15-e1540505035978.jpg\" alt=\"\" width=\"680\" height=\"530\" srcset=\"https:\/\/diarioregionaldigital.com.br\/wp-content\/uploads\/2018\/10\/fotoc-15-e1540505035978.jpg 960w, https:\/\/diarioregionaldigital.com.br\/wp-content\/uploads\/2018\/10\/fotoc-15-e1540505035978-300x234.jpg 300w, https:\/\/diarioregionaldigital.com.br\/wp-content\/uploads\/2018\/10\/fotoc-15-e1540505035978-768x598.jpg 768w, https:\/\/diarioregionaldigital.com.br\/wp-content\/uploads\/2018\/10\/fotoc-15-e1540505035978-360x281.jpg 360w\" sizes=\"auto, (max-width: 680px) 100vw, 680px\" \/><p id=\"caption-attachment-123885\" class=\"wp-caption-text\">Simples assim com Carlos Barbosa e Regina Ferreira<\/p><\/div>\n<div id=\"attachment_123888\" style=\"width: 690px\" class=\"wp-caption aligncenter\"><img loading=\"lazy\" decoding=\"async\" aria-describedby=\"caption-attachment-123888\" class=\"wp-image-123888\" src=\"https:\/\/diarioregionaldigital.com.br\/wp-content\/uploads\/2018\/10\/fotof-15-e1540505126125.jpg\" alt=\"\" width=\"680\" height=\"495\" srcset=\"https:\/\/diarioregionaldigital.com.br\/wp-content\/uploads\/2018\/10\/fotof-15-e1540505126125.jpg 1168w, https:\/\/diarioregionaldigital.com.br\/wp-content\/uploads\/2018\/10\/fotof-15-e1540505126125-300x219.jpg 300w, https:\/\/diarioregionaldigital.com.br\/wp-content\/uploads\/2018\/10\/fotof-15-e1540505126125-768x560.jpg 768w, https:\/\/diarioregionaldigital.com.br\/wp-content\/uploads\/2018\/10\/fotof-15-e1540505126125-1024x746.jpg 1024w, https:\/\/diarioregionaldigital.com.br\/wp-content\/uploads\/2018\/10\/fotof-15-e1540505126125-360x262.jpg 360w\" sizes=\"auto, (max-width: 680px) 100vw, 680px\" \/><p id=\"caption-attachment-123888\" class=\"wp-caption-text\">Em frente ao Theatro Central, o coiffeur Roni Lacerda e o top Make Fernando Torquato<\/p><\/div>\n<div id=\"attachment_123889\" style=\"width: 690px\" class=\"wp-caption aligncenter\"><img loading=\"lazy\" decoding=\"async\" aria-describedby=\"caption-attachment-123889\" class=\"wp-image-123889\" src=\"https:\/\/diarioregionaldigital.com.br\/wp-content\/uploads\/2018\/10\/fotog-15.jpg\" alt=\"\" width=\"680\" height=\"453\" srcset=\"https:\/\/diarioregionaldigital.com.br\/wp-content\/uploads\/2018\/10\/fotog-15.jpg 1764w, https:\/\/diarioregionaldigital.com.br\/wp-content\/uploads\/2018\/10\/fotog-15-300x200.jpg 300w, https:\/\/diarioregionaldigital.com.br\/wp-content\/uploads\/2018\/10\/fotog-15-768x512.jpg 768w, https:\/\/diarioregionaldigital.com.br\/wp-content\/uploads\/2018\/10\/fotog-15-1024x683.jpg 1024w, https:\/\/diarioregionaldigital.com.br\/wp-content\/uploads\/2018\/10\/fotog-15-360x240.jpg 360w\" sizes=\"auto, (max-width: 680px) 100vw, 680px\" \/><p id=\"caption-attachment-123889\" class=\"wp-caption-text\">No Lact\u00e1rio S\u00e3o Jos\u00e9 (ADPI), a presidente do Rotary Distrito Ind\u00fastria Margarita Rigoli fazendo doa\u00e7\u00e3o diante das volunt\u00e1rias Ros\u00e2ngela Marques e Maria Helena Macedo<\/p><\/div>\n<div id=\"attachment_123890\" style=\"width: 690px\" class=\"wp-caption aligncenter\"><img loading=\"lazy\" decoding=\"async\" aria-describedby=\"caption-attachment-123890\" class=\"wp-image-123890\" src=\"https:\/\/diarioregionaldigital.com.br\/wp-content\/uploads\/2018\/10\/fotoh-16-e1540505191414.jpg\" alt=\"\" width=\"680\" height=\"504\" srcset=\"https:\/\/diarioregionaldigital.com.br\/wp-content\/uploads\/2018\/10\/fotoh-16-e1540505191414.jpg 900w, https:\/\/diarioregionaldigital.com.br\/wp-content\/uploads\/2018\/10\/fotoh-16-e1540505191414-300x222.jpg 300w, https:\/\/diarioregionaldigital.com.br\/wp-content\/uploads\/2018\/10\/fotoh-16-e1540505191414-768x569.jpg 768w, https:\/\/diarioregionaldigital.com.br\/wp-content\/uploads\/2018\/10\/fotoh-16-e1540505191414-360x267.jpg 360w\" sizes=\"auto, (max-width: 680px) 100vw, 680px\" \/><p id=\"caption-attachment-123890\" class=\"wp-caption-text\">Na primavera do Parque Mariano Proc\u00f3pio, Weslley Lorenzetto<\/p><\/div>\n<div id=\"attachment_123892\" style=\"width: 690px\" class=\"wp-caption aligncenter\"><img loading=\"lazy\" decoding=\"async\" aria-describedby=\"caption-attachment-123892\" class=\"wp-image-123892\" src=\"https:\/\/diarioregionaldigital.com.br\/wp-content\/uploads\/2018\/10\/fotoj-12.jpg\" alt=\"\" width=\"680\" height=\"510\" srcset=\"https:\/\/diarioregionaldigital.com.br\/wp-content\/uploads\/2018\/10\/fotoj-12.jpg 960w, https:\/\/diarioregionaldigital.com.br\/wp-content\/uploads\/2018\/10\/fotoj-12-300x225.jpg 300w, https:\/\/diarioregionaldigital.com.br\/wp-content\/uploads\/2018\/10\/fotoj-12-768x576.jpg 768w, https:\/\/diarioregionaldigital.com.br\/wp-content\/uploads\/2018\/10\/fotoj-12-360x270.jpg 360w\" sizes=\"auto, (max-width: 680px) 100vw, 680px\" \/><p id=\"caption-attachment-123892\" class=\"wp-caption-text\">Concluindo corrida de bike em S\u00e3o Pedro, Francele Galil e Anderson Machado<\/p><\/div>\n<div id=\"attachment_123893\" style=\"width: 690px\" class=\"wp-caption aligncenter\"><img loading=\"lazy\" decoding=\"async\" aria-describedby=\"caption-attachment-123893\" class=\"wp-image-123893\" src=\"https:\/\/diarioregionaldigital.com.br\/wp-content\/uploads\/2018\/10\/fotoe-15.jpg\" alt=\"\" width=\"680\" height=\"451\" srcset=\"https:\/\/diarioregionaldigital.com.br\/wp-content\/uploads\/2018\/10\/fotoe-15.jpg 1764w, https:\/\/diarioregionaldigital.com.br\/wp-content\/uploads\/2018\/10\/fotoe-15-300x199.jpg 300w, https:\/\/diarioregionaldigital.com.br\/wp-content\/uploads\/2018\/10\/fotoe-15-768x509.jpg 768w, https:\/\/diarioregionaldigital.com.br\/wp-content\/uploads\/2018\/10\/fotoe-15-1024x679.jpg 1024w, https:\/\/diarioregionaldigital.com.br\/wp-content\/uploads\/2018\/10\/fotoe-15-360x239.jpg 360w\" sizes=\"auto, (max-width: 680px) 100vw, 680px\" \/><p id=\"caption-attachment-123893\" class=\"wp-caption-text\">Em noite deslumbrante na Esta\u00e7\u00e3o S\u00e3o Pedro, Marcos Lage e Raquell Guimar\u00e3es com Marcia Giotti de Paula e C\u00e9lio Faria de Paula<\/p><\/div>\n<p style=\"text-align: center;\"><strong>FOTOSS\u00cdNTESE<\/strong><\/p>\n<p>Nesta sexta-feira, 26, \u00e0s 18h, o Plasc inaugura uma loja, exclusiva para atender as demandas dos clientes de planos empresariais, na rua Braz Bernardino. J\u00e1, no s\u00e1bado, ser\u00e1 inaugurado o Espa\u00e7o de Celebra\u00e7\u00e3o do Cemit\u00e9rio Parque da Saudade, \u00e0s 10h. Ambos s\u00e3o projetos da arquiteta Moema Falci Loures.<\/p>\n<p>O palco do Bar Na Garganta estar\u00e1 iluminado hoje para o show do L\u00fadica M\u00fasica para reverenciar o Rock n\u2019Roll com cl\u00e1ssicos de Rita Lee, Paralamas do Sucesso, com participa\u00e7\u00e3o especial de Marcelo Mattos e Gladston Viera.<\/p>\n<p>As artistas pl\u00e1sticas Isabel Faceroli e Margarida Fernandes est\u00e3o revestindo as paredes da Galeria de Arte do Forum da Cultura da UFJF com belos quadros com o tema \u201cA Flor da Pele\u201d.<\/p>\n<p>Em estilo \u00fanico, acontecimento que vai mobilizar a sociedade local estar\u00e1 concentrado no dia 10 de novembro, \u00e0s 21h, no Sal\u00e3o Nobre do Clube S\u00edrio Liban\u00eas, para o jantar de Confraterniza\u00e7\u00e3o de Comemora\u00e7\u00e3o do 54\u00ba aniversaria do clube. O tom musical ser\u00e1 do cantor Gustavo Costa e do filho J\u00fanior e apresenta\u00e7\u00e3o especial do grupo de Dan\u00e7a \u00c1rabe Nabak. Convidando este colunista, a presidente Mounira Haddad Rahme.<\/p>\n<p>O Centro de Futebol Zico ser\u00e1 palco do Campeonato Brasileiro de Futebol (Fut7), que acontece pela primeira vez em Juiz de Fora. Ser\u00e1 entre 2 e 4 de novembro e vai reunir as principais equipes brasileiras da modalidade. O evento \u00e9 organizado pela Confedera\u00e7\u00e3o de Futebol 7 do Brasil (CF7B).<\/p>\n<p>Glyan Alves \u00e9 o novo campe\u00e3o peso-galo do JF Fight. A disputa pelo cintur\u00e3o ferveu com batalhas que tiraram aplausos dos espectadores. Ponto para a perfeita organiza\u00e7\u00e3o pilotada pelo presidente do JF Fight, Vagner Ara\u00fajo e equipe.<\/p>\n<p>Din\u00e2micas e elegantes Jaqueline Bonjour e Nat\u00e1lia Torres colhem aplausos e elogios pela cria\u00e7\u00e3o do \u201cCroqui Souza Gomes\u201d, na Casa Design 2018.<\/p>\n<p>Com muita disposi\u00e7\u00e3o e alegria pelo esporte, Jocemar Correa e Aline Silva venceram a Corrida da Ascomcer.<\/p>\n<p>Agendado para o dia 4 de novembro, \u00e0s 21h, o deslumbrante concurso \u201cDrag Rocket 2018 \u2013 Seu brilho \u00e9 poder\u201d. Ser\u00e1 no Rocket Pub e ter\u00e1 este colunista no corpo de jurados. Vai bombar!<\/p>\n<p>O ator Felipe Ribeiro brilha intensamente na pe\u00e7a \u201cN\u00e3o recomendado \u00e0 sociedade\u201d, que ter\u00e1 bis no dia 28 de outubro, \u00e0s 19h e 21h, no Espa\u00e7o O Andar de Baixo. Dire\u00e7\u00e3o correta de Gabriel Bittencourt.<\/p>\n<p>Para Acalmar: Troque \u201co era uma vez\u201d pelo \u201c\u00e9 dessa vez\u201d. Bom dia!<\/p>\n","protected":false},"excerpt":{"rendered":"<p>No Serrado Em ritmo de encontro de lideran\u00e7as, o presidente do Sinteac em Juiz de Fora, S\u00e9rgio F\u00e9lix, est\u00e1 sob o c\u00e9u de Bras\u00edlia. Hoje ele participa de reuni\u00e3o com o representante da Organiza\u00e7\u00e3o Internacional do Trabalho, Martin Hahn. Na esteira, a terceiriza\u00e7\u00e3o e as consequ\u00eancias da gest\u00e3o p\u00fablica. Cariocando Aproveitando os lindos dias de [&hellip;]<\/p>\n","protected":false},"author":96,"featured_media":123882,"comment_status":"closed","ping_status":"closed","sticky":false,"template":"","format":"standard","meta":{"footnotes":""},"categories":[264],"tags":[],"class_list":["post-123894","post","type-post","status-publish","format-standard","has-post-thumbnail","hentry","category-eduardo-gomes"],"_links":{"self":[{"href":"https:\/\/diarioregionaldigital.com.br\/index.php?rest_route=\/wp\/v2\/posts\/123894","targetHints":{"allow":["GET"]}}],"collection":[{"href":"https:\/\/diarioregionaldigital.com.br\/index.php?rest_route=\/wp\/v2\/posts"}],"about":[{"href":"https:\/\/diarioregionaldigital.com.br\/index.php?rest_route=\/wp\/v2\/types\/post"}],"author":[{"embeddable":true,"href":"https:\/\/diarioregionaldigital.com.br\/index.php?rest_route=\/wp\/v2\/users\/96"}],"replies":[{"embeddable":true,"href":"https:\/\/diarioregionaldigital.com.br\/index.php?rest_route=%2Fwp%2Fv2%2Fcomments&post=123894"}],"version-history":[{"count":0,"href":"https:\/\/diarioregionaldigital.com.br\/index.php?rest_route=\/wp\/v2\/posts\/123894\/revisions"}],"wp:featuredmedia":[{"embeddable":true,"href":"https:\/\/diarioregionaldigital.com.br\/index.php?rest_route=\/wp\/v2\/media\/123882"}],"wp:attachment":[{"href":"https:\/\/diarioregionaldigital.com.br\/index.php?rest_route=%2Fwp%2Fv2%2Fmedia&parent=123894"}],"wp:term":[{"taxonomy":"category","embeddable":true,"href":"https:\/\/diarioregionaldigital.com.br\/index.php?rest_route=%2Fwp%2Fv2%2Fcategories&post=123894"},{"taxonomy":"post_tag","embeddable":true,"href":"https:\/\/diarioregionaldigital.com.br\/index.php?rest_route=%2Fwp%2Fv2%2Ftags&post=123894"}],"curies":[{"name":"wp","href":"https:\/\/api.w.org\/{rel}","templated":true}]}}