{"id":123879,"date":"2018-10-25T19:35:28","date_gmt":"2018-10-25T21:35:28","guid":{"rendered":"https:\/\/diarioregionaldigital.com.br\/?p=123879"},"modified":"2018-10-26T10:07:38","modified_gmt":"2018-10-26T12:07:38","slug":"prefeitura-sanciona-lei-que-cria-cinco-novos-distritos","status":"publish","type":"post","link":"https:\/\/diarioregionaldigital.com.br\/?p=123879","title":{"rendered":"Prefeitura sanciona lei que cria cinco novos distritos"},"content":{"rendered":"<p>Para aumentar a autonomia e facilitar a capta\u00e7\u00e3o de recursos por meio de programas estaduais e federais direcionados a zonas urbanas, o prefeito de Juiz de Fora, Ant\u00f4nio Almas, sancionou, na tarde desta quinta-feira, 25, a lei que eleva os povoados de Humait\u00e1, Monte Verde, Valadares, Penido e Caet\u00e9s \u00e0 categoria de distritos. O estudo t\u00e9cnico para reclassificar essas localidades foi desenvolvido atrav\u00e9s de parceria entre o Executivo, a Comiss\u00e3o Especial de Telefonia da C\u00e2mara Municipal e a Funda\u00e7\u00e3o Jo\u00e3o Pinheiro (FJP).<\/p>\n<p>A condi\u00e7\u00e3o de distrito torna os povoados aptos a aderir ao Programa Minas Comunica, do Governo estadual, que tem como objetivo democratizar o acesso \u00e0 telefonia celular no interior do estado. Na pr\u00e1tica, as comunidades deixam de ser \u00e1rea exclusivamente rural e passam a ter um n\u00facleo urbano, o que garante a possibilidade de pleitear e receber recursos. De acordo com secret\u00e1rio de Planejamento e Gest\u00e3o, Argemiro Tavares, \u201cessa mudan\u00e7a favorece a implanta\u00e7\u00e3o de outras pol\u00edticas p\u00fablicas em geral, al\u00e9m da telefonia\u201d.<\/p>\n<p>Durante o ato de assinatura, a Comiss\u00e3o Especial de Telefonia da C\u00e2mara Municipal anunciou, atrav\u00e9s de seu presidente, o vereador Marlon Siqueira, que o Governo do estado assumiu o compromisso de inserir os cinco distritos na primeira fase do programa \u201cMinas Comunica 3\u201d. A solenidade contou com a participa\u00e7\u00e3o de representantes e l\u00edderes das comunidades que reivindicavam o acesso ao servi\u00e7o.<\/p>\n<p><b>Novas demarca\u00e7\u00f5es<\/b><\/p>\n<p>O territ\u00f3rio de Ros\u00e1rio de Minas foi desmembrado e deu origem aos distritos de Penido e Valadares; a regi\u00e3o de Torre\u00f5es, aos de Monte Verde de Minas e Humait\u00e1 de Minas; e Sarandira, ao de Caet\u00e9s de Minas. Os nomes de tr\u00eas povoados foram alterados e sofreram acr\u00e9scimo, pois j\u00e1 existiam hom\u00f4nimos no territ\u00f3rio nacional. Segundo Almas, \u201cpara a defini\u00e7\u00e3o dos limites interdistritais, foram considerados, al\u00e9m dos crit\u00e9rios t\u00e9cnicos, a forma\u00e7\u00e3o hist\u00f3rica dos povoados. Buscamos respeitar a identidade de cada morador\u201d.<\/p>\n<p><em>Fonte: Assessoria<\/em><\/p>\n","protected":false},"excerpt":{"rendered":"<p>Para aumentar a autonomia e facilitar a capta\u00e7\u00e3o de recursos por meio de programas estaduais e federais direcionados a zonas urbanas, o prefeito de Juiz de Fora, Ant\u00f4nio Almas, sancionou, na tarde desta quinta-feira, 25, a lei que eleva os povoados de Humait\u00e1, Monte Verde, Valadares, Penido e Caet\u00e9s \u00e0 categoria de distritos. O estudo [&hellip;]<\/p>\n","protected":false},"author":96,"featured_media":123880,"comment_status":"closed","ping_status":"closed","sticky":false,"template":"","format":"standard","meta":{"footnotes":""},"categories":[253,439],"tags":[],"class_list":["post-123879","post","type-post","status-publish","format-standard","has-post-thumbnail","hentry","category-cidade","category-ultima-hora"],"_links":{"self":[{"href":"https:\/\/diarioregionaldigital.com.br\/index.php?rest_route=\/wp\/v2\/posts\/123879","targetHints":{"allow":["GET"]}}],"collection":[{"href":"https:\/\/diarioregionaldigital.com.br\/index.php?rest_route=\/wp\/v2\/posts"}],"about":[{"href":"https:\/\/diarioregionaldigital.com.br\/index.php?rest_route=\/wp\/v2\/types\/post"}],"author":[{"embeddable":true,"href":"https:\/\/diarioregionaldigital.com.br\/index.php?rest_route=\/wp\/v2\/users\/96"}],"replies":[{"embeddable":true,"href":"https:\/\/diarioregionaldigital.com.br\/index.php?rest_route=%2Fwp%2Fv2%2Fcomments&post=123879"}],"version-history":[{"count":0,"href":"https:\/\/diarioregionaldigital.com.br\/index.php?rest_route=\/wp\/v2\/posts\/123879\/revisions"}],"wp:featuredmedia":[{"embeddable":true,"href":"https:\/\/diarioregionaldigital.com.br\/index.php?rest_route=\/wp\/v2\/media\/123880"}],"wp:attachment":[{"href":"https:\/\/diarioregionaldigital.com.br\/index.php?rest_route=%2Fwp%2Fv2%2Fmedia&parent=123879"}],"wp:term":[{"taxonomy":"category","embeddable":true,"href":"https:\/\/diarioregionaldigital.com.br\/index.php?rest_route=%2Fwp%2Fv2%2Fcategories&post=123879"},{"taxonomy":"post_tag","embeddable":true,"href":"https:\/\/diarioregionaldigital.com.br\/index.php?rest_route=%2Fwp%2Fv2%2Ftags&post=123879"}],"curies":[{"name":"wp","href":"https:\/\/api.w.org\/{rel}","templated":true}]}}