{"id":123861,"date":"2018-10-25T14:23:48","date_gmt":"2018-10-25T16:23:48","guid":{"rendered":"https:\/\/diarioregionaldigital.com.br\/?p=123861"},"modified":"2018-10-25T14:23:48","modified_gmt":"2018-10-25T16:23:48","slug":"consorcio-inicia-a-obra-do-forum-de-juiz-de-fora","status":"publish","type":"post","link":"https:\/\/diarioregionaldigital.com.br\/?p=123861","title":{"rendered":"Cons\u00f3rcio inicia a obra do F\u00f3rum de Juiz de Fora"},"content":{"rendered":"<p>A Endeal Engenharia e a Oros Engenharia que formam o Cons\u00f3rcio Juiz de Fora 1 iniciam at\u00e9 o final do m\u00eas a obra do novo F\u00f3rum de Juiz de Fora.\u00a0 A previs\u00e3o, segundo o contrato assinado com o Tribunal de Justi\u00e7a de Minas Gerais \u00e9 entregar a obra daqui a 33 meses. Quando estiver conclu\u00eddo, o F\u00f3rum vai abrigar 40 varas nos seus seis pavimentos com 21 mil m \u00b2do novo pr\u00e9dio na Avenida Brasil.<\/p>\n<p>Ambas de Curitiba, a Endeal Engenharia, que lidera o Cons\u00f3rcio, trabalha no mercado corporativo, com obras juntos a v\u00e1rias inst\u00e2ncias de governos, de municipais ao federal, com mais de 100 mil m\u00b2 constru\u00eddos, de hospitais a creches, de escolas a centros esportivos.<\/p>\n<p>Nalmir Fontana F\u00e9der, diretor da Endeal, diz que o Cons\u00f3rcio trabalhar\u00e1 seguindo os projetos apresentados na licita\u00e7\u00e3o e que tudo ser\u00e1 feito em parceria com a \u00e1rea t\u00e9cnica do Tribunal de Justi\u00e7a de MG para que o novo F\u00f3rum de Juiz de Fora \u201catenda todas as expectativas de quem vai trabalhar no local e, tamb\u00e9m, do p\u00fablico que vai utilizar em breve as novas instala\u00e7\u00f5es\u201d. O valor total da obra est\u00e1 or\u00e7ado em R$65.912.959,30.<\/p>\n<p>&nbsp;<\/p>\n<p>Fonte: Assessoria<\/p>\n","protected":false},"excerpt":{"rendered":"<p>A Endeal Engenharia e a Oros Engenharia que formam o Cons\u00f3rcio Juiz de Fora 1 iniciam at\u00e9 o final do m\u00eas a obra do novo F\u00f3rum de Juiz de Fora.\u00a0 A previs\u00e3o, segundo o contrato assinado com o Tribunal de Justi\u00e7a de Minas Gerais \u00e9 entregar a obra daqui a 33 meses. Quando estiver conclu\u00eddo, [&hellip;]<\/p>\n","protected":false},"author":96,"featured_media":123862,"comment_status":"closed","ping_status":"closed","sticky":false,"template":"","format":"standard","meta":{"footnotes":""},"categories":[253,436,439],"tags":[],"class_list":["post-123861","post","type-post","status-publish","format-standard","has-post-thumbnail","hentry","category-cidade","category-destaque-da-semana","category-ultima-hora"],"_links":{"self":[{"href":"https:\/\/diarioregionaldigital.com.br\/index.php?rest_route=\/wp\/v2\/posts\/123861","targetHints":{"allow":["GET"]}}],"collection":[{"href":"https:\/\/diarioregionaldigital.com.br\/index.php?rest_route=\/wp\/v2\/posts"}],"about":[{"href":"https:\/\/diarioregionaldigital.com.br\/index.php?rest_route=\/wp\/v2\/types\/post"}],"author":[{"embeddable":true,"href":"https:\/\/diarioregionaldigital.com.br\/index.php?rest_route=\/wp\/v2\/users\/96"}],"replies":[{"embeddable":true,"href":"https:\/\/diarioregionaldigital.com.br\/index.php?rest_route=%2Fwp%2Fv2%2Fcomments&post=123861"}],"version-history":[{"count":0,"href":"https:\/\/diarioregionaldigital.com.br\/index.php?rest_route=\/wp\/v2\/posts\/123861\/revisions"}],"wp:featuredmedia":[{"embeddable":true,"href":"https:\/\/diarioregionaldigital.com.br\/index.php?rest_route=\/wp\/v2\/media\/123862"}],"wp:attachment":[{"href":"https:\/\/diarioregionaldigital.com.br\/index.php?rest_route=%2Fwp%2Fv2%2Fmedia&parent=123861"}],"wp:term":[{"taxonomy":"category","embeddable":true,"href":"https:\/\/diarioregionaldigital.com.br\/index.php?rest_route=%2Fwp%2Fv2%2Fcategories&post=123861"},{"taxonomy":"post_tag","embeddable":true,"href":"https:\/\/diarioregionaldigital.com.br\/index.php?rest_route=%2Fwp%2Fv2%2Ftags&post=123861"}],"curies":[{"name":"wp","href":"https:\/\/api.w.org\/{rel}","templated":true}]}}