{"id":123835,"date":"2018-10-25T13:41:06","date_gmt":"2018-10-25T15:41:06","guid":{"rendered":"https:\/\/diarioregionaldigital.com.br\/?p=123835"},"modified":"2018-10-25T14:11:18","modified_gmt":"2018-10-25T16:11:18","slug":"suspeito-em-caso-de-maria-da-penha-e-preso-e-pm-apreende-armas-em-sua-residencia-em-mirai","status":"publish","type":"post","link":"https:\/\/diarioregionaldigital.com.br\/?p=123835","title":{"rendered":"Suspeito em caso de \u201cMaria da Penha\u201d \u00e9 preso e PM apreende armas em sua resid\u00eancia em Mira\u00ed"},"content":{"rendered":"<p>Um homem de 41 anos, suspeito de praticar viol\u00eancia dom\u00e9stica contra sua companheira, foi preso na cidade de Mira\u00ed &#8211; a 140 km de Juiz de Fora -, nesta quarta-feira, 24. Ele foi detido pela Pol\u00edcia Militar (PM) e, segundo a PM, em sua resid\u00eancia foram apreendidas duas armas, cartuchos e material para produ\u00e7\u00e3o de muni\u00e7\u00e3o.<\/p>\n<p>Um dos militares que participou da ocorr\u00eancia informou que o suspeito foi localizado ap\u00f3s sua esposa procurar a Pol\u00edcia Civil (PC) e registrar uma queixa contra o mesmo no \u00e2mbito da chamada lei \u201cMaria da Penha\u201d.<\/p>\n<p>No im\u00f3vel onde o acusado reside, conforme a PM, foram encontradas e apreendidas, uma espingarda calibre 22, uma arma de fabrica\u00e7\u00e3o artesanal e cinco cartuchos do mesmo calibre, al\u00e9m de p\u00f3lvora e esferas met\u00e1licas.<\/p>\n<p>O detido e o material foram apresentados \u00e0 Pol\u00edcia Civil, e de acordo com\u00a0 militar, o homem foi autuado e encaminhado ao pres\u00eddio de Cataguases.<\/p>\n<p>&nbsp;<\/p>\n<p>Fonte: R\u00e1dio Muria\u00e9<\/p>\n","protected":false},"excerpt":{"rendered":"<p>Um homem de 41 anos, suspeito de praticar viol\u00eancia dom\u00e9stica contra sua companheira, foi preso na cidade de Mira\u00ed &#8211; a 140 km de Juiz de Fora -, nesta quarta-feira, 24. Ele foi detido pela Pol\u00edcia Militar (PM) e, segundo a PM, em sua resid\u00eancia foram apreendidas duas armas, cartuchos e material para produ\u00e7\u00e3o de [&hellip;]<\/p>\n","protected":false},"author":96,"featured_media":123837,"comment_status":"closed","ping_status":"closed","sticky":false,"template":"","format":"standard","meta":{"footnotes":""},"categories":[252,439],"tags":[],"class_list":["post-123835","post","type-post","status-publish","format-standard","has-post-thumbnail","hentry","category-regiao","category-ultima-hora"],"_links":{"self":[{"href":"https:\/\/diarioregionaldigital.com.br\/index.php?rest_route=\/wp\/v2\/posts\/123835","targetHints":{"allow":["GET"]}}],"collection":[{"href":"https:\/\/diarioregionaldigital.com.br\/index.php?rest_route=\/wp\/v2\/posts"}],"about":[{"href":"https:\/\/diarioregionaldigital.com.br\/index.php?rest_route=\/wp\/v2\/types\/post"}],"author":[{"embeddable":true,"href":"https:\/\/diarioregionaldigital.com.br\/index.php?rest_route=\/wp\/v2\/users\/96"}],"replies":[{"embeddable":true,"href":"https:\/\/diarioregionaldigital.com.br\/index.php?rest_route=%2Fwp%2Fv2%2Fcomments&post=123835"}],"version-history":[{"count":0,"href":"https:\/\/diarioregionaldigital.com.br\/index.php?rest_route=\/wp\/v2\/posts\/123835\/revisions"}],"wp:featuredmedia":[{"embeddable":true,"href":"https:\/\/diarioregionaldigital.com.br\/index.php?rest_route=\/wp\/v2\/media\/123837"}],"wp:attachment":[{"href":"https:\/\/diarioregionaldigital.com.br\/index.php?rest_route=%2Fwp%2Fv2%2Fmedia&parent=123835"}],"wp:term":[{"taxonomy":"category","embeddable":true,"href":"https:\/\/diarioregionaldigital.com.br\/index.php?rest_route=%2Fwp%2Fv2%2Fcategories&post=123835"},{"taxonomy":"post_tag","embeddable":true,"href":"https:\/\/diarioregionaldigital.com.br\/index.php?rest_route=%2Fwp%2Fv2%2Ftags&post=123835"}],"curies":[{"name":"wp","href":"https:\/\/api.w.org\/{rel}","templated":true}]}}