{"id":123831,"date":"2018-10-25T12:44:00","date_gmt":"2018-10-25T14:44:00","guid":{"rendered":"https:\/\/diarioregionaldigital.com.br\/?p=123831"},"modified":"2018-10-25T12:44:00","modified_gmt":"2018-10-25T14:44:00","slug":"federacao-internacional-de-voleibol-divulga-os-grupos-da-liga-das-nacoes","status":"publish","type":"post","link":"https:\/\/diarioregionaldigital.com.br\/?p=123831","title":{"rendered":"Federa\u00e7\u00e3o Internacional de Voleibol divulga os grupos da Liga das Na\u00e7\u00f5es"},"content":{"rendered":"<p>A Federa\u00e7\u00e3o Internacional de Voleibol (FIVB) divulgou os grupos da segunda edi\u00e7\u00e3o da Liga das Na\u00e7\u00f5es em 2019. A competi\u00e7\u00e3o feminina acontecer\u00e1 entre os dias 21 de maio e 7 de julho. O Brasil disputar\u00e1 uma etapa em casa, de 21 a 23 de maio, contra Rep\u00fablica Dominicana, R\u00fassia e China. J\u00e1 o evento masculino ser\u00e1 realizado entre os dias 31 de maio e 14 de julho com duas etapas no Brasil, de 21 a 23 de junho, contra Bulg\u00e1ria, Alemanha e R\u00fassia, e, de 28 a 30 de junho, contra It\u00e1lia, Canad\u00e1 e Fran\u00e7a. As cidades que receber\u00e3o os eventos ainda n\u00e3o foram divulgadas.<\/p>\n<p>Em 2018 no ano inaugural da Liga das Na\u00e7\u00f5es, as sele\u00e7\u00f5es feminina e masculina terminaram a competi\u00e7\u00e3o em quarto lugar. No feminino, os Estados Unidos ficaram com o t\u00edtulo ao superarem a Turquia na final por 3 sets a 2. J\u00e1 no masculino, a medalha de ouro foi para a R\u00fassia, que levou a melhor sobre a Fran\u00e7a na decis\u00e3o por 3 sets a 0.<\/p>\n<p>Na Liga das Na\u00e7\u00f5es, as sele\u00e7\u00f5es se enfrentar\u00e3o nos seus respectivos grupos e as cinco mais bem classificadas passar\u00e3o \u00e0 fase final juntos com os pa\u00edses sede. No feminino, a etapa decisiva ser\u00e1 disputada na China entre os dias tr\u00eas e sete de julho. J\u00e1 no masculino, a etapa decisiva acontecer\u00e1 nos Estados Unidos entre os dias 10 e 14 de julho.<\/p>\n<p><strong>Grupos do Brasil \u2013 Liga das Na\u00e7\u00f5es 2019<\/strong><\/p>\n<p>Edi\u00e7\u00e3o feminina:<br \/>\n21 a 23 de maio<br \/>\nSede (Brasil)<br \/>\nEquipes: Brasil, Rep\u00fablica Dominicana, R\u00fassia e China<\/p>\n<p>28 a 30 de maio<br \/>\nSede (Holanda)<br \/>\nEquipes: Brasil, Holanda, Bulg\u00e1ria e Pol\u00f4nia<\/p>\n<p>4 a 6 de junho<br \/>\nSede (Estados Unidos)<br \/>\nEquipes: Brasil, Estados Unidos, Alemanha e Cor\u00e9ia do Sul<\/p>\n<p>11 a 13 de junho<br \/>\nSede (Jap\u00e3o)<br \/>\nEquipes: Brasil, Jap\u00e3o, S\u00e9rvia e Tail\u00e2ndia<\/p>\n<p>18 a 20 de junho<br \/>\nSede (Turquia)<br \/>\nEquipes: Brasil, Turquia, It\u00e1lia e B\u00e9lgica<\/p>\n<p>Edi\u00e7\u00e3o masculina:<br \/>\n31 de maio a 2 de junho<br \/>\nSede (Pol\u00f4nia)<br \/>\nEquipes: Brasil, Pol\u00f4nia, Estados Unidos e Austr\u00e1lia<\/p>\n<p>7 a 9 de junho<br \/>\nSede (Jap\u00e3o)<br \/>\nEquipes: Brasil, Jap\u00e3o, Argentina e Ir\u00e3<\/p>\n<p>14 a 16 de junho<br \/>\nSede (Portugal)<br \/>\nEquipes: Brasil, Portugal, China e S\u00e9rvia<\/p>\n<p>21 a 23 de junho<br \/>\nSede (Brasil)<br \/>\nEquipes: Brasil, Bulg\u00e1ria, Alemanha e R\u00fassia<\/p>\n<p>28 a 30 de junho<br \/>\nSede (Brasil)<br \/>\nEquipes: Brasil, It\u00e1lia, Canad\u00e1 e Fran\u00e7a<\/p>\n<p><strong>Fonte: FIVB <\/strong><\/p>\n","protected":false},"excerpt":{"rendered":"<p>A Federa\u00e7\u00e3o Internacional de Voleibol (FIVB) divulgou os grupos da segunda edi\u00e7\u00e3o da Liga das Na\u00e7\u00f5es em 2019. A competi\u00e7\u00e3o feminina acontecer\u00e1 entre os dias 21 de maio e 7 de julho. O Brasil disputar\u00e1 uma etapa em casa, de 21 a 23 de maio, contra Rep\u00fablica Dominicana, R\u00fassia e China. J\u00e1 o evento masculino [&hellip;]<\/p>\n","protected":false},"author":96,"featured_media":123832,"comment_status":"closed","ping_status":"closed","sticky":false,"template":"","format":"standard","meta":{"footnotes":""},"categories":[257,439],"tags":[],"class_list":["post-123831","post","type-post","status-publish","format-standard","has-post-thumbnail","hentry","category-esporte","category-ultima-hora"],"_links":{"self":[{"href":"https:\/\/diarioregionaldigital.com.br\/index.php?rest_route=\/wp\/v2\/posts\/123831","targetHints":{"allow":["GET"]}}],"collection":[{"href":"https:\/\/diarioregionaldigital.com.br\/index.php?rest_route=\/wp\/v2\/posts"}],"about":[{"href":"https:\/\/diarioregionaldigital.com.br\/index.php?rest_route=\/wp\/v2\/types\/post"}],"author":[{"embeddable":true,"href":"https:\/\/diarioregionaldigital.com.br\/index.php?rest_route=\/wp\/v2\/users\/96"}],"replies":[{"embeddable":true,"href":"https:\/\/diarioregionaldigital.com.br\/index.php?rest_route=%2Fwp%2Fv2%2Fcomments&post=123831"}],"version-history":[{"count":0,"href":"https:\/\/diarioregionaldigital.com.br\/index.php?rest_route=\/wp\/v2\/posts\/123831\/revisions"}],"wp:featuredmedia":[{"embeddable":true,"href":"https:\/\/diarioregionaldigital.com.br\/index.php?rest_route=\/wp\/v2\/media\/123832"}],"wp:attachment":[{"href":"https:\/\/diarioregionaldigital.com.br\/index.php?rest_route=%2Fwp%2Fv2%2Fmedia&parent=123831"}],"wp:term":[{"taxonomy":"category","embeddable":true,"href":"https:\/\/diarioregionaldigital.com.br\/index.php?rest_route=%2Fwp%2Fv2%2Fcategories&post=123831"},{"taxonomy":"post_tag","embeddable":true,"href":"https:\/\/diarioregionaldigital.com.br\/index.php?rest_route=%2Fwp%2Fv2%2Ftags&post=123831"}],"curies":[{"name":"wp","href":"https:\/\/api.w.org\/{rel}","templated":true}]}}