{"id":123825,"date":"2018-10-25T12:16:54","date_gmt":"2018-10-25T14:16:54","guid":{"rendered":"https:\/\/diarioregionaldigital.com.br\/?p=123825"},"modified":"2018-10-25T13:56:48","modified_gmt":"2018-10-25T15:56:48","slug":"pablo-e-ricardo-lancam-musica-autoral","status":"publish","type":"post","link":"https:\/\/diarioregionaldigital.com.br\/?p=123825","title":{"rendered":"Pablo e Ricardo lan\u00e7am m\u00fasica autoral"},"content":{"rendered":"<div dir=\"auto\"><\/div>\n<div dir=\"auto\">\n<div dir=\"auto\">A dupla sertaneja Pablo e Ricardo, h\u00e1 quase dois anos no cen\u00e1rio sertanejo universit\u00e1rio, lan\u00e7a, agora, a primeira m\u00fasica autoral, \u201cSe beber n\u00e3o sonhe\u201d. A composi\u00e7\u00e3o, que estar\u00e1 na playlist do show dessa sexta-feira, 26 de outubro, a partir de 20 horas, no Vila Container, rua Roberto Stiegert, 4, bairro S\u00e3o Pedro, canta a hist\u00f3ria de um rapaz que passou por uma desilus\u00e3o amorosa. Ele decidiu partir para a noite, deixar o sentimento de lado para tentar se esquecer do ex-amor.<\/div>\n<div dir=\"auto\"><\/div>\n<div dir=\"auto\">A experi\u00eancia musical de Pablo e Ricardo vem de longa data. Eles j\u00e1 fizeram shows ao lado de nomes da m\u00fasica regional e nacional, como Renan e Christiano, Alan e Alisson, MC Pocahontas e MC Tarapi. Pablo tem quase dez anos de carreira sertaneja. Ricardo toca MPB e rock na cidade h\u00e1 20 anos.<\/div>\n<div dir=\"auto\"><\/div>\n<div dir=\"auto\">Eles se apresentam em Juiz de Fora e regi\u00e3o, como\u00a0 Ewbanck da C\u00e2mara, Matias Barbosa, Ch\u00e1cara e Torre\u00f5es. Em Santos Dumont\u00a0 t\u00eam agenda fixa, duas vezes por m\u00eas no bar \u201cFog\u00e3o de Lenha\u201d, point sertanejo da cidade. Al\u00e9m dos shows, a dupla tamb\u00e9m faz eventos fechados. O repert\u00f3rio n\u00e3o se limita ao sertanejo, e inclui rock, ax\u00e9, mpb e outros ritmos a depender da gosto da plateia.<\/div>\n<div dir=\"auto\"><\/div>\n<div dir=\"auto\">Servi\u00e7o:<\/div>\n<div dir=\"auto\"><\/div>\n<div dir=\"auto\">Show dupla Pablo e Ricardo<\/div>\n<div dir=\"auto\">Lan\u00e7amento can\u00e7\u00e3o autoral<\/div>\n<div dir=\"auto\">Dia 26\/10\/2018, a partir de 20 horas<\/div>\n<div dir=\"auto\">Local: Vila Container, rua Roberto Stiegert, 4, bairro S\u00e3o Pedro<\/div>\n<\/div>\n","protected":false},"excerpt":{"rendered":"<p>A dupla sertaneja Pablo e Ricardo, h\u00e1 quase dois anos no cen\u00e1rio sertanejo universit\u00e1rio, lan\u00e7a, agora, a primeira m\u00fasica autoral, \u201cSe beber n\u00e3o sonhe\u201d. A composi\u00e7\u00e3o, que estar\u00e1 na playlist do show dessa sexta-feira, 26 de outubro, a partir de 20 horas, no Vila Container, rua Roberto Stiegert, 4, bairro S\u00e3o Pedro, canta a hist\u00f3ria [&hellip;]<\/p>\n","protected":false},"author":96,"featured_media":0,"comment_status":"closed","ping_status":"closed","sticky":false,"template":"","format":"standard","meta":{"footnotes":""},"categories":[256,439],"tags":[],"class_list":["post-123825","post","type-post","status-publish","format-standard","hentry","category-cultura","category-ultima-hora"],"_links":{"self":[{"href":"https:\/\/diarioregionaldigital.com.br\/index.php?rest_route=\/wp\/v2\/posts\/123825","targetHints":{"allow":["GET"]}}],"collection":[{"href":"https:\/\/diarioregionaldigital.com.br\/index.php?rest_route=\/wp\/v2\/posts"}],"about":[{"href":"https:\/\/diarioregionaldigital.com.br\/index.php?rest_route=\/wp\/v2\/types\/post"}],"author":[{"embeddable":true,"href":"https:\/\/diarioregionaldigital.com.br\/index.php?rest_route=\/wp\/v2\/users\/96"}],"replies":[{"embeddable":true,"href":"https:\/\/diarioregionaldigital.com.br\/index.php?rest_route=%2Fwp%2Fv2%2Fcomments&post=123825"}],"version-history":[{"count":0,"href":"https:\/\/diarioregionaldigital.com.br\/index.php?rest_route=\/wp\/v2\/posts\/123825\/revisions"}],"wp:attachment":[{"href":"https:\/\/diarioregionaldigital.com.br\/index.php?rest_route=%2Fwp%2Fv2%2Fmedia&parent=123825"}],"wp:term":[{"taxonomy":"category","embeddable":true,"href":"https:\/\/diarioregionaldigital.com.br\/index.php?rest_route=%2Fwp%2Fv2%2Fcategories&post=123825"},{"taxonomy":"post_tag","embeddable":true,"href":"https:\/\/diarioregionaldigital.com.br\/index.php?rest_route=%2Fwp%2Fv2%2Ftags&post=123825"}],"curies":[{"name":"wp","href":"https:\/\/api.w.org\/{rel}","templated":true}]}}