{"id":123821,"date":"2018-10-25T12:40:29","date_gmt":"2018-10-25T14:40:29","guid":{"rendered":"https:\/\/diarioregionaldigital.com.br\/?p=123821"},"modified":"2018-10-25T12:40:29","modified_gmt":"2018-10-25T14:40:29","slug":"apos-polemica-diego-alves-volta-aos-treinos-no-flamengo","status":"publish","type":"post","link":"https:\/\/diarioregionaldigital.com.br\/?p=123821","title":{"rendered":"Ap\u00f3s pol\u00eamica, Diego Alves volta aos treinos no Flamengo"},"content":{"rendered":"<p>Depois de se recusar a viajar para o confronto contra o Paran\u00e1 \u00a0por ter perdido a condi\u00e7\u00e3o de titular, o goleiro Diego Alves voltou aos treinos no\u00a0Flamengo nesta quarta-feira, no Ninho do Urubu. O arqueiro n\u00e3o falou com a imprensa e realizou trabalho espec\u00edfico com C\u00e9sar, Thiago e o preparador de goleiros do clube.<\/p>\n<p>Diego Alves foi criticado por n\u00e3o ter aceitado a condi\u00e7\u00e3o de reserva de C\u00e9sar na partida contra o Paran\u00e1, no fim de semana. O goleiro n\u00e3o viajou com a delega\u00e7\u00e3o e teve a rescis\u00e3o de contrato cogitada pela diretoria. No entanto, na ter\u00e7a-feira, o vice de futebol Ricardo Lomba afirmou que o jogador foi punido, mas n\u00e3o deu mais detalhes. Segundo os dirigentes rubro-negros, o arqueiro est\u00e1 liberado para ser utilizado pelo t\u00e9cnico Dorival J\u00fanior.<\/p>\n<p>A tend\u00eancia \u00e9 a de que Diego Alves n\u00e3o seja mais utilizado por Dorival J\u00fanior at\u00e9 o restante da temporada. O goleiro n\u00e3o deu declara\u00e7\u00f5es de que tenha se arrependido da atitude, o que n\u00e3o foi bem visto por elenco e torcida. Os dirigentes esperam o fim no ano para tentar negociar o jogador e conseguir reaver parte dos 300 mil euros (R$ 1,2mi) investidos.<\/p>\n<p>Diego Alves tem contrato at\u00e9 o fim de 2020. O goleiro chegou ao Flamengo \u00a0no meio de 2017 com status de titular e com a inten\u00e7\u00e3o de mostrar servi\u00e7o ao t\u00e9cnico Tite para estar na lista da Copa do Mundo da R\u00fassia. S\u00f3 que atua\u00e7\u00f5es sem destaque, les\u00f5es e algumas falhas fizeram o jogador ser questionado. Aliado a isso, C\u00e9sar aproveitou as chances que teve e tem o apoio dos rubro-negros para assumir a titularidade na reta final da temporada.<\/p>\n<p>Fonte: Gazeta Press<\/p>\n","protected":false},"excerpt":{"rendered":"<p>Depois de se recusar a viajar para o confronto contra o Paran\u00e1 \u00a0por ter perdido a condi\u00e7\u00e3o de titular, o goleiro Diego Alves voltou aos treinos no\u00a0Flamengo nesta quarta-feira, no Ninho do Urubu. O arqueiro n\u00e3o falou com a imprensa e realizou trabalho espec\u00edfico com C\u00e9sar, Thiago e o preparador de goleiros do clube. Diego [&hellip;]<\/p>\n","protected":false},"author":96,"featured_media":123829,"comment_status":"closed","ping_status":"closed","sticky":false,"template":"","format":"standard","meta":{"footnotes":""},"categories":[257,439],"tags":[],"class_list":["post-123821","post","type-post","status-publish","format-standard","has-post-thumbnail","hentry","category-esporte","category-ultima-hora"],"_links":{"self":[{"href":"https:\/\/diarioregionaldigital.com.br\/index.php?rest_route=\/wp\/v2\/posts\/123821","targetHints":{"allow":["GET"]}}],"collection":[{"href":"https:\/\/diarioregionaldigital.com.br\/index.php?rest_route=\/wp\/v2\/posts"}],"about":[{"href":"https:\/\/diarioregionaldigital.com.br\/index.php?rest_route=\/wp\/v2\/types\/post"}],"author":[{"embeddable":true,"href":"https:\/\/diarioregionaldigital.com.br\/index.php?rest_route=\/wp\/v2\/users\/96"}],"replies":[{"embeddable":true,"href":"https:\/\/diarioregionaldigital.com.br\/index.php?rest_route=%2Fwp%2Fv2%2Fcomments&post=123821"}],"version-history":[{"count":0,"href":"https:\/\/diarioregionaldigital.com.br\/index.php?rest_route=\/wp\/v2\/posts\/123821\/revisions"}],"wp:featuredmedia":[{"embeddable":true,"href":"https:\/\/diarioregionaldigital.com.br\/index.php?rest_route=\/wp\/v2\/media\/123829"}],"wp:attachment":[{"href":"https:\/\/diarioregionaldigital.com.br\/index.php?rest_route=%2Fwp%2Fv2%2Fmedia&parent=123821"}],"wp:term":[{"taxonomy":"category","embeddable":true,"href":"https:\/\/diarioregionaldigital.com.br\/index.php?rest_route=%2Fwp%2Fv2%2Fcategories&post=123821"},{"taxonomy":"post_tag","embeddable":true,"href":"https:\/\/diarioregionaldigital.com.br\/index.php?rest_route=%2Fwp%2Fv2%2Ftags&post=123821"}],"curies":[{"name":"wp","href":"https:\/\/api.w.org\/{rel}","templated":true}]}}