{"id":123812,"date":"2018-10-25T09:40:36","date_gmt":"2018-10-25T11:40:36","guid":{"rendered":"https:\/\/diarioregionaldigital.com.br\/?p=123812"},"modified":"2018-10-25T09:40:36","modified_gmt":"2018-10-25T11:40:36","slug":"mulher-ter-carro-roubado-no-distrito-industrial","status":"publish","type":"post","link":"https:\/\/diarioregionaldigital.com.br\/?p=123812","title":{"rendered":"Mulher ter carro roubado no Distrito Industrial"},"content":{"rendered":"<p>Na madrugada desta quinta-feira, 25, uma mulher, de 55 anos, teve o carro roubado no Distrito Industrial, na zona Norte de Juiz de Fora. Ela chegava a sua casa na Rua Julio Dion\u00edsio Cardoso, por volta de 1h, quando desceu do ve\u00edculo para abrir o port\u00e3o da garagem. Nesse momento, ela foi abordada por dois homens que chegaram em uma motocicleta vermelha.<\/p>\n<p>Segundo a v\u00edtima, os dois autores estavam armados e, ap\u00f3s amea\u00e7as, roubaram o ve\u00edculo dela e fugiram em seguida, em dire\u00e7\u00e3o \u00e0 BR 040.<\/p>\n<p>At\u00e9 o momento, nenhum dos assaltantes foi encontrado.<\/p>\n","protected":false},"excerpt":{"rendered":"<p>Na madrugada desta quinta-feira, 25, uma mulher, de 55 anos, teve o carro roubado no Distrito Industrial, na zona Norte de Juiz de Fora. Ela chegava a sua casa na Rua Julio Dion\u00edsio Cardoso, por volta de 1h, quando desceu do ve\u00edculo para abrir o port\u00e3o da garagem. Nesse momento, ela foi abordada por dois [&hellip;]<\/p>\n","protected":false},"author":96,"featured_media":97342,"comment_status":"closed","ping_status":"closed","sticky":false,"template":"","format":"standard","meta":{"footnotes":""},"categories":[301],"tags":[],"class_list":["post-123812","post","type-post","status-publish","format-standard","has-post-thumbnail","hentry","category-artigos-policiais"],"_links":{"self":[{"href":"https:\/\/diarioregionaldigital.com.br\/index.php?rest_route=\/wp\/v2\/posts\/123812","targetHints":{"allow":["GET"]}}],"collection":[{"href":"https:\/\/diarioregionaldigital.com.br\/index.php?rest_route=\/wp\/v2\/posts"}],"about":[{"href":"https:\/\/diarioregionaldigital.com.br\/index.php?rest_route=\/wp\/v2\/types\/post"}],"author":[{"embeddable":true,"href":"https:\/\/diarioregionaldigital.com.br\/index.php?rest_route=\/wp\/v2\/users\/96"}],"replies":[{"embeddable":true,"href":"https:\/\/diarioregionaldigital.com.br\/index.php?rest_route=%2Fwp%2Fv2%2Fcomments&post=123812"}],"version-history":[{"count":0,"href":"https:\/\/diarioregionaldigital.com.br\/index.php?rest_route=\/wp\/v2\/posts\/123812\/revisions"}],"wp:featuredmedia":[{"embeddable":true,"href":"https:\/\/diarioregionaldigital.com.br\/index.php?rest_route=\/wp\/v2\/media\/97342"}],"wp:attachment":[{"href":"https:\/\/diarioregionaldigital.com.br\/index.php?rest_route=%2Fwp%2Fv2%2Fmedia&parent=123812"}],"wp:term":[{"taxonomy":"category","embeddable":true,"href":"https:\/\/diarioregionaldigital.com.br\/index.php?rest_route=%2Fwp%2Fv2%2Fcategories&post=123812"},{"taxonomy":"post_tag","embeddable":true,"href":"https:\/\/diarioregionaldigital.com.br\/index.php?rest_route=%2Fwp%2Fv2%2Ftags&post=123812"}],"curies":[{"name":"wp","href":"https:\/\/api.w.org\/{rel}","templated":true}]}}