{"id":123809,"date":"2018-10-25T09:29:12","date_gmt":"2018-10-25T11:29:12","guid":{"rendered":"https:\/\/diarioregionaldigital.com.br\/?p=123809"},"modified":"2018-10-25T09:29:12","modified_gmt":"2018-10-25T11:29:12","slug":"menores-sao-vitimas-de-assalto-em-diferentes-regioes-de-juiz-de-fora","status":"publish","type":"post","link":"https:\/\/diarioregionaldigital.com.br\/?p=123809","title":{"rendered":"Menores s\u00e3o v\u00edtimas de assalto em diferentes regi\u00f5es de Juiz de Fora"},"content":{"rendered":"<p>Nove pedestres foram assaltados em Juiz de Fora nessa quarta-feira, 24. A maioria dos casos aconteceu na zona Sul da cidade, mas houve ainda registros em bairros centrais e da Cidade Alta. Outro ponto que chama a aten\u00e7\u00e3o \u00e9 que mais da metade das v\u00edtimas foram menores de idade.<\/p>\n<p>O primeiro assalto registrado no dia foi na Rua Severiano Sarmento, esquina com a Rua Dom Silv\u00e9rio, no Alto dos Passos, regi\u00e3o Sul. Faltava pouco para as 7h, quando um menor, de 16 anos, foi abordado por um homem enquanto passava pela via. O autor amea\u00e7ou o adolescente dizendo que \u201cdaria um tiro\u201d nele caso o jovem n\u00e3o entregasse o celular. Assustado, o menor passou o telefone ao assaltante que fugiu em seguida.<\/p>\n<p>Ainda no mesmo bairro, um adolescente, de 13 anos, tamb\u00e9m teve o celular roubado enquanto passava pela Avenida Rio Branco, no fim da tarde. Ele contou aos policiais militares que foi abordado por dois homens que o amea\u00e7aram e levaram o celular dele.<\/p>\n<p>Na Avenida Luiz Perry, pr\u00f3ximo \u00e0 Avenida Oleg\u00e1rio Maciel, no bairro Paineiras, regi\u00e3o Central, uma mulher de 49 anos tamb\u00e9m foi assaltada, por volta das 10h. Ela foi abordada por um homem que a empurrou contra a parede, a agrediu fisicamente e roubou o seu celular. Ela foi levada ao Hospital de Pronto Socorro Dr. Mozart Teixeira (HPS) onde foi constatada uma contus\u00e3o muscular.<\/p>\n<p>O terceiro caso aconteceu na Rua Ibitiguaia, no bairro Santa Luzia, zona Sul. Um menor, de 13 anos, foi v\u00edtima de um assalto por volta das 14h. De acordo com ele, um homem negro, que usava uma blusa azul e um bon\u00e9 vermelho, o abordou com um rev\u00f3lver e roubou dele o celular e a quantia de R$50. Ap\u00f3s o crime, o autor fugiu e n\u00e3o foi localizado.<\/p>\n<p>A Pol\u00edcia Militar ainda registrou outro assalto onde o autor teria as mesmas caracter\u00edsticas que o do roubo no bairro Santa Luzia. O crime aconteceu pouco antes das 16h, na Avenida Rio Branco, pr\u00f3ximo \u00e0 Rua Doutor Romualdo, no Centro. A v\u00edtima foi uma menor, de 14 anos. Ela passava pela rua quando o indiv\u00edduo armado com rev\u00f3lver roubou dela o celular. A PM ainda n\u00e3o sabe se seria o mesmo assaltante, por\u00e9m, nos dois casos, as v\u00edtimas relataram que o autor era negro, estava armado, e usava camisa azul e bon\u00e9 vermelho.<\/p>\n<p>Em outro ponto de Juiz de Fora, no bairro Aeroporto, regi\u00e3o da Cidade Alta, quatro pessoas foram assaltadas durante a tarde enquanto passavam pela Avenida Eug\u00eanio do Nascimento. Entre as v\u00edtimas estavam tr\u00eas jovens, duas delas de 17 anos e uma de 22, e um rapaz, de 18 anos. Eles foram surpreendidos por tr\u00eas menores, um deles armado. Os autores estavam em bicicletas e, ap\u00f3s pegarem celulares, cart\u00e3o de cr\u00e9dito e R$30 das v\u00edtimas, fugiram.<\/p>\n<p>Em todos os casos registrados a Pol\u00edcia Militar realizou rastreamento, por\u00e9m, nenhum dos assaltantes foi encontrado.<\/p>\n","protected":false},"excerpt":{"rendered":"<p>Nove pedestres foram assaltados em Juiz de Fora nessa quarta-feira, 24. A maioria dos casos aconteceu na zona Sul da cidade, mas houve ainda registros em bairros centrais e da Cidade Alta. Outro ponto que chama a aten\u00e7\u00e3o \u00e9 que mais da metade das v\u00edtimas foram menores de idade. O primeiro assalto registrado no dia [&hellip;]<\/p>\n","protected":false},"author":96,"featured_media":95836,"comment_status":"closed","ping_status":"closed","sticky":false,"template":"","format":"standard","meta":{"footnotes":""},"categories":[301],"tags":[],"class_list":["post-123809","post","type-post","status-publish","format-standard","has-post-thumbnail","hentry","category-artigos-policiais"],"_links":{"self":[{"href":"https:\/\/diarioregionaldigital.com.br\/index.php?rest_route=\/wp\/v2\/posts\/123809","targetHints":{"allow":["GET"]}}],"collection":[{"href":"https:\/\/diarioregionaldigital.com.br\/index.php?rest_route=\/wp\/v2\/posts"}],"about":[{"href":"https:\/\/diarioregionaldigital.com.br\/index.php?rest_route=\/wp\/v2\/types\/post"}],"author":[{"embeddable":true,"href":"https:\/\/diarioregionaldigital.com.br\/index.php?rest_route=\/wp\/v2\/users\/96"}],"replies":[{"embeddable":true,"href":"https:\/\/diarioregionaldigital.com.br\/index.php?rest_route=%2Fwp%2Fv2%2Fcomments&post=123809"}],"version-history":[{"count":0,"href":"https:\/\/diarioregionaldigital.com.br\/index.php?rest_route=\/wp\/v2\/posts\/123809\/revisions"}],"wp:featuredmedia":[{"embeddable":true,"href":"https:\/\/diarioregionaldigital.com.br\/index.php?rest_route=\/wp\/v2\/media\/95836"}],"wp:attachment":[{"href":"https:\/\/diarioregionaldigital.com.br\/index.php?rest_route=%2Fwp%2Fv2%2Fmedia&parent=123809"}],"wp:term":[{"taxonomy":"category","embeddable":true,"href":"https:\/\/diarioregionaldigital.com.br\/index.php?rest_route=%2Fwp%2Fv2%2Fcategories&post=123809"},{"taxonomy":"post_tag","embeddable":true,"href":"https:\/\/diarioregionaldigital.com.br\/index.php?rest_route=%2Fwp%2Fv2%2Ftags&post=123809"}],"curies":[{"name":"wp","href":"https:\/\/api.w.org\/{rel}","templated":true}]}}