{"id":123802,"date":"2018-10-25T06:00:23","date_gmt":"2018-10-25T08:00:23","guid":{"rendered":"https:\/\/diarioregionaldigital.com.br\/?p=123802"},"modified":"2018-10-24T23:14:33","modified_gmt":"2018-10-25T01:14:33","slug":"as-tarefas-dificeis-contribuem-mais-para-o-nosso-desenvolvimento","status":"publish","type":"post","link":"https:\/\/diarioregionaldigital.com.br\/?p=123802","title":{"rendered":"As Tarefas dif\u00edceis Contribuem mais para o nosso Desenvolvimento"},"content":{"rendered":"<p style=\"text-align: center;\"><span style=\"font-size: 14pt;\"><strong>As Tarefas Dif\u00edceis Contribuem Mais Para O Nosso Desenvolvimento<\/strong> <\/span><\/p>\n<p style=\"text-align: center;\">\u00a0 \u00a0 \u00a0 Devemos nos empenhar ao m\u00e1ximo em trabalhos e mat\u00e9rias escolares dif\u00edceis, pois assim nos acostumaremos mais rapidamente com eles. N\u00e3o existe outro meio de nos tornarmos capazes de execut\u00e1-los com facilidade, de modo quase autom\u00e1tico. O importante \u00e9 gravar na mente n\u00e3o s\u00f3 a natureza da tarefa, como tamb\u00e9m as a\u00e7\u00f5es do corpo, das m\u00e3os e do c\u00e9rebro, necess\u00e1rias para a execu\u00e7\u00e3o dela. A mentaliza\u00e7\u00e3o firme \u00e9 essencial para promover o desenvolvimento mental e f\u00edsico. Portanto, devemos concentrar a mente em tudo que fazemos. O momento de enfrentar trabalhos e mat\u00e9rias escolares que oferecem maior risco de errar constitui a oportunidade de desenvolvermos mais a nossa mente e o nosso corpo. Em outras palavras, as tarefas dif\u00edceis, que exigem muita aten\u00e7\u00e3o, s\u00e3o fatores ben\u00e9ficos que contribuem para o nosso progresso. Por isso, quanto mais dif\u00edceis forem o trabalho e a mat\u00e9ria escolar, com maior disposi\u00e7\u00e3o e sentimento de gratid\u00e3o devemos nos dedicar a eles. Nisso consiste o segredo do trabalho, do estudo, do \u00eaxito na vida. A import\u00e2ncia e o perigo de habituar-se; a dificuldade e a b\u00ean\u00e7\u00e3o das tarefas com que n\u00e3o estamos habituados &#8211; medite bem sobre isso e agrade\u00e7a ao fato de que as tarefas mais dif\u00edceis contribuem mais para o desenvolvimento da capacidade.<\/p>\n","protected":false},"excerpt":{"rendered":"<p>As Tarefas Dif\u00edceis Contribuem Mais Para O Nosso Desenvolvimento \u00a0 \u00a0 \u00a0 Devemos nos empenhar ao m\u00e1ximo em trabalhos e mat\u00e9rias escolares dif\u00edceis, pois assim nos acostumaremos mais rapidamente com eles. N\u00e3o existe outro meio de nos tornarmos capazes de execut\u00e1-los com facilidade, de modo quase autom\u00e1tico. O importante \u00e9 gravar na mente n\u00e3o s\u00f3 [&hellip;]<\/p>\n","protected":false},"author":96,"featured_media":0,"comment_status":"closed","ping_status":"closed","sticky":false,"template":"","format":"standard","meta":{"footnotes":""},"categories":[263],"tags":[],"class_list":["post-123802","post","type-post","status-publish","format-standard","hentry","category-jane-aragao"],"_links":{"self":[{"href":"https:\/\/diarioregionaldigital.com.br\/index.php?rest_route=\/wp\/v2\/posts\/123802","targetHints":{"allow":["GET"]}}],"collection":[{"href":"https:\/\/diarioregionaldigital.com.br\/index.php?rest_route=\/wp\/v2\/posts"}],"about":[{"href":"https:\/\/diarioregionaldigital.com.br\/index.php?rest_route=\/wp\/v2\/types\/post"}],"author":[{"embeddable":true,"href":"https:\/\/diarioregionaldigital.com.br\/index.php?rest_route=\/wp\/v2\/users\/96"}],"replies":[{"embeddable":true,"href":"https:\/\/diarioregionaldigital.com.br\/index.php?rest_route=%2Fwp%2Fv2%2Fcomments&post=123802"}],"version-history":[{"count":0,"href":"https:\/\/diarioregionaldigital.com.br\/index.php?rest_route=\/wp\/v2\/posts\/123802\/revisions"}],"wp:attachment":[{"href":"https:\/\/diarioregionaldigital.com.br\/index.php?rest_route=%2Fwp%2Fv2%2Fmedia&parent=123802"}],"wp:term":[{"taxonomy":"category","embeddable":true,"href":"https:\/\/diarioregionaldigital.com.br\/index.php?rest_route=%2Fwp%2Fv2%2Fcategories&post=123802"},{"taxonomy":"post_tag","embeddable":true,"href":"https:\/\/diarioregionaldigital.com.br\/index.php?rest_route=%2Fwp%2Fv2%2Ftags&post=123802"}],"curies":[{"name":"wp","href":"https:\/\/api.w.org\/{rel}","templated":true}]}}