{"id":123800,"date":"2018-10-25T06:00:18","date_gmt":"2018-10-25T08:00:18","guid":{"rendered":"https:\/\/diarioregionaldigital.com.br\/?p=123800"},"modified":"2018-10-24T23:10:41","modified_gmt":"2018-10-25T01:10:41","slug":"prefeitura-municipal-de-descoberto-25-10-18","status":"publish","type":"post","link":"https:\/\/diarioregionaldigital.com.br\/?p=123800","title":{"rendered":"Prefeitura Municipal de Descoberto &#8211; 25\/10\/18"},"content":{"rendered":"<p style=\"text-align: center;\"><strong>EXTRATO DE CONTRATO<\/strong><\/p>\n<p>Pref. Municipal de Descoberto x Tecno2000 Ind\u00fastria e Com\u00e9rcio Ltda \u2013 Aquisi\u00e7\u00e3o de equipamentos mobili\u00e1rios escolares\u2013 Fundamento: 7\u00aa Ades\u00e3o Educa\u00e7\u00e3o Programa FNDE\/MEC\u00a0 &#8211;\u00a0 Valor Global: 16.762,00- Vig\u00eancia: 10\/10\/2018 \u00e0 31\/12\/2018 &#8211;\u00a0 Dot or\u00e7: 02.04002.12.361.0003.154-449052\/146\u00a0 &#8211; Ass: 10\/10\/2018- Foro: S\u00e3o Jo\u00e3o Nepomuceno\/MG.<\/p>\n<p style=\"text-align: center;\"><strong>Marcos de Ara\u00fajo Lima<\/strong><\/p>\n<p style=\"text-align: center;\"><strong>Prefeito Municipa<\/strong><\/p>\n","protected":false},"excerpt":{"rendered":"<p>EXTRATO DE CONTRATO Pref. Municipal de Descoberto x Tecno2000 Ind\u00fastria e Com\u00e9rcio Ltda \u2013 Aquisi\u00e7\u00e3o de equipamentos mobili\u00e1rios escolares\u2013 Fundamento: 7\u00aa Ades\u00e3o Educa\u00e7\u00e3o Programa FNDE\/MEC\u00a0 &#8211;\u00a0 Valor Global: 16.762,00- Vig\u00eancia: 10\/10\/2018 \u00e0 31\/12\/2018 &#8211;\u00a0 Dot or\u00e7: 02.04002.12.361.0003.154-449052\/146\u00a0 &#8211; Ass: 10\/10\/2018- Foro: S\u00e3o Jo\u00e3o Nepomuceno\/MG. Marcos de Ara\u00fajo Lima Prefeito Municipa<\/p>\n","protected":false},"author":96,"featured_media":0,"comment_status":"closed","ping_status":"closed","sticky":false,"template":"","format":"standard","meta":{"footnotes":""},"categories":[307],"tags":[],"class_list":["post-123800","post","type-post","status-publish","format-standard","hentry","category-editais"],"_links":{"self":[{"href":"https:\/\/diarioregionaldigital.com.br\/index.php?rest_route=\/wp\/v2\/posts\/123800","targetHints":{"allow":["GET"]}}],"collection":[{"href":"https:\/\/diarioregionaldigital.com.br\/index.php?rest_route=\/wp\/v2\/posts"}],"about":[{"href":"https:\/\/diarioregionaldigital.com.br\/index.php?rest_route=\/wp\/v2\/types\/post"}],"author":[{"embeddable":true,"href":"https:\/\/diarioregionaldigital.com.br\/index.php?rest_route=\/wp\/v2\/users\/96"}],"replies":[{"embeddable":true,"href":"https:\/\/diarioregionaldigital.com.br\/index.php?rest_route=%2Fwp%2Fv2%2Fcomments&post=123800"}],"version-history":[{"count":0,"href":"https:\/\/diarioregionaldigital.com.br\/index.php?rest_route=\/wp\/v2\/posts\/123800\/revisions"}],"wp:attachment":[{"href":"https:\/\/diarioregionaldigital.com.br\/index.php?rest_route=%2Fwp%2Fv2%2Fmedia&parent=123800"}],"wp:term":[{"taxonomy":"category","embeddable":true,"href":"https:\/\/diarioregionaldigital.com.br\/index.php?rest_route=%2Fwp%2Fv2%2Fcategories&post=123800"},{"taxonomy":"post_tag","embeddable":true,"href":"https:\/\/diarioregionaldigital.com.br\/index.php?rest_route=%2Fwp%2Fv2%2Ftags&post=123800"}],"curies":[{"name":"wp","href":"https:\/\/api.w.org\/{rel}","templated":true}]}}