{"id":123798,"date":"2018-10-25T06:00:09","date_gmt":"2018-10-25T08:00:09","guid":{"rendered":"https:\/\/diarioregionaldigital.com.br\/?p=123798"},"modified":"2018-10-24T23:07:25","modified_gmt":"2018-10-25T01:07:25","slug":"edital-de-convocacao-assembleia-25-10-18","status":"publish","type":"post","link":"https:\/\/diarioregionaldigital.com.br\/?p=123798","title":{"rendered":"Edital de Convoca\u00e7\u00e3o Assembl\u00e9ia &#8211; 25\/10\/18"},"content":{"rendered":"<p style=\"text-align: center;\"><span style=\"font-size: 18pt;\"><strong>CONVOCA\u00c7\u00c3O PARA ASSEMBL\u00c9IA EXTRAORDIN\u00c1RIA<\/strong><\/span><\/p>\n<p style=\"text-align: center;\">Ficam os senhores associados do Sport Club Mariano Proc\u00f3pio, sito na Av. Rui Barbosa, n\u00ba 160, bairro Mariano Proc\u00f3pio, Juiz de Fora, Minas Gerais, convocados para comparecer \u00e0 Assembleia Geral Extraordin\u00e1ria, a se realizar no gin\u00e1sio do clube, \u00e0s 19:00 horas, em primeira chamada, que ser\u00e1 aberta com qu\u00f3rum de metade dos associados, e 19:30 horas, em segunda chamada, com qualquer n\u00famero dos associados presentes, do dia 07.11.2018, para tratar dos assuntos a seguir relacionados:<\/p>\n<p style=\"text-align: center;\"><strong>DISCUSS\u00c3O E DELIBERA\u00c7\u00c3O PARA ABERTURA A NOVOS ASSOCIADOS<\/strong><\/p>\n<p style=\"text-align: center;\">Ficam os associados notificados pela presente convoca\u00e7\u00e3o da necessidade de comparecimento ou de representa\u00e7\u00e3o, atrav\u00e9s de procura\u00e7\u00e3o com firma reconhecida e identifica\u00e7\u00e3o do outorgado, ficando ainda informado que o assunto deliberado ter\u00e1 efic\u00e1cia para todos os associados, mesmo os ausentes.<\/p>\n<p style=\"text-align: center;\">Juiz de Fora, 23 de Outubro de 2018<\/p>\n<p style=\"text-align: center;\"><strong>Wilmo de Ara\u00fajo &#8211;\u00a0<\/strong><strong>Presidente<\/strong><\/p>\n","protected":false},"excerpt":{"rendered":"<p>CONVOCA\u00c7\u00c3O PARA ASSEMBL\u00c9IA EXTRAORDIN\u00c1RIA Ficam os senhores associados do Sport Club Mariano Proc\u00f3pio, sito na Av. Rui Barbosa, n\u00ba 160, bairro Mariano Proc\u00f3pio, Juiz de Fora, Minas Gerais, convocados para comparecer \u00e0 Assembleia Geral Extraordin\u00e1ria, a se realizar no gin\u00e1sio do clube, \u00e0s 19:00 horas, em primeira chamada, que ser\u00e1 aberta com qu\u00f3rum de metade [&hellip;]<\/p>\n","protected":false},"author":96,"featured_media":0,"comment_status":"closed","ping_status":"closed","sticky":false,"template":"","format":"standard","meta":{"footnotes":""},"categories":[307],"tags":[],"class_list":["post-123798","post","type-post","status-publish","format-standard","hentry","category-editais"],"_links":{"self":[{"href":"https:\/\/diarioregionaldigital.com.br\/index.php?rest_route=\/wp\/v2\/posts\/123798","targetHints":{"allow":["GET"]}}],"collection":[{"href":"https:\/\/diarioregionaldigital.com.br\/index.php?rest_route=\/wp\/v2\/posts"}],"about":[{"href":"https:\/\/diarioregionaldigital.com.br\/index.php?rest_route=\/wp\/v2\/types\/post"}],"author":[{"embeddable":true,"href":"https:\/\/diarioregionaldigital.com.br\/index.php?rest_route=\/wp\/v2\/users\/96"}],"replies":[{"embeddable":true,"href":"https:\/\/diarioregionaldigital.com.br\/index.php?rest_route=%2Fwp%2Fv2%2Fcomments&post=123798"}],"version-history":[{"count":0,"href":"https:\/\/diarioregionaldigital.com.br\/index.php?rest_route=\/wp\/v2\/posts\/123798\/revisions"}],"wp:attachment":[{"href":"https:\/\/diarioregionaldigital.com.br\/index.php?rest_route=%2Fwp%2Fv2%2Fmedia&parent=123798"}],"wp:term":[{"taxonomy":"category","embeddable":true,"href":"https:\/\/diarioregionaldigital.com.br\/index.php?rest_route=%2Fwp%2Fv2%2Fcategories&post=123798"},{"taxonomy":"post_tag","embeddable":true,"href":"https:\/\/diarioregionaldigital.com.br\/index.php?rest_route=%2Fwp%2Fv2%2Ftags&post=123798"}],"curies":[{"name":"wp","href":"https:\/\/api.w.org\/{rel}","templated":true}]}}