{"id":123794,"date":"2018-10-24T23:15:44","date_gmt":"2018-10-25T01:15:44","guid":{"rendered":"https:\/\/diarioregionaldigital.com.br\/?p=123794"},"modified":"2018-10-24T23:15:44","modified_gmt":"2018-10-25T01:15:44","slug":"espetaculo","status":"publish","type":"post","link":"https:\/\/diarioregionaldigital.com.br\/?p=123794","title":{"rendered":"Espet\u00e1culo"},"content":{"rendered":"<p style=\"text-align: center;\"><strong>Divers\u00e3o<\/strong><\/p>\n<p style=\"text-align: center;\">Vai bombar o 1\u00ba Festival de Churrasco de Juiz de Fora, com muitas atra\u00e7\u00f5es. Agendado para o dias 9,10 e 11 de novembro na Pra\u00e7a do Bom Pastor, o evento ter\u00e1 diversas variedades de carnes, preparadas das mais variadas formas, com tudo na brasa. Para acompanhar, os megas chopes gelados Antu\u00e9rpia e Mr.Tugas, al\u00e9m de cacha\u00e7as artesanais e muita m\u00fasica.<\/p>\n<p style=\"text-align: center;\"><strong>Bate-Papo <\/strong><\/p>\n<p style=\"text-align: center;\">Promete ser interessante o encontro no dia 30 entre Zuenir Ventura e Nelson Motta, dois expoentes da cultura nacional em evento \u00fanico no Cine-Theatro Central. O bate-papo \u201cO mestre e o aluno, uma hist\u00f3ria de amor\u201d, que integra o programa Grandes Escritores, promete marcar momento hist\u00f3rico em Juiz de Fora. Os ingressos j\u00e1 podem ser retirados na Pr\u00f3-reitoria de Cultura no Campus da UFJF e, a partir de hoje, na bilheteria do teatro, durante o hor\u00e1rio comercial.<\/p>\n<p style=\"text-align: center;\"><strong>CES\/JF<\/strong><\/p>\n<p style=\"text-align: center;\">Os alunos do 4\u00ba per\u00edodo do curso de Design de Interiores do CES\/JF est\u00e3o realizando a 17\u00aa Mostra de Design de Interiores na Loja Dommani em S\u00e3o Pedro. A Mostra segue at\u00e9 o dia 31 de outubro, de 10h \u00e0s 20h e tem o objetivo de inserir os alunos no mercado de trabalho.<\/p>\n<p style=\"text-align: center;\"><strong>\u00c9 Show<\/strong><\/p>\n<p style=\"text-align: center;\">Nesta 5\u00aa feira, 25, o cantor das multid\u00f5es Thiago Miranda faz show no Cine-Theatro Central levando para o palco um \u201cset list\u201d quase todo voltado para o samba. Haver\u00e1 participa\u00e7\u00e3o de Arthur Miranda, Mariana Assis, Yuri Soares, Mirian Rosa e Luane Veigan. Thiago Miranda comemora 14 anos de carreira e merece todos os aplausos.<\/p>\n<p style=\"text-align: center;\"><strong>Espet\u00e1culo<\/strong><\/p>\n<p style=\"text-align: center;\">Para fechar o m\u00eas das crian\u00e7as, o programa Divers\u00e3o em Cena ArcelorMittal apresenta o espet\u00e1culo \u201cEncontro de Vil\u00f5es\u201d da Cyntilante Produ\u00e7\u00f5es em Juiz de Fora. A estreia da montagem ser\u00e1 encenada \u00e0s v\u00e9speras do Dia das Bruxas, dia 28 de outubro (domingo), a partir das 16h, no Teatro Solar.<\/p>\n<p style=\"text-align: center;\"><strong>Comemora\u00e7\u00e3o<\/strong><\/p>\n<p style=\"text-align: center;\">Vai ser em ritmo de as \u00e1guas v\u00e3o rolar o Baile de Confraterniza\u00e7\u00e3o da Banda Santtorini e do professor Henrique Gon\u00e7alves no dia 10 de novembro, \u00e0s 22h, no C\u00edrculo Militar. Muita dan\u00e7a, comida e bebida como resist\u00eancia para uma grande noite. Thales T\u00e1cito e L\u00edvia Ferraz estar\u00e3o recebendo os convidados. Mesas: 98808-1608.<\/p>\n<div id=\"attachment_123766\" style=\"width: 690px\" class=\"wp-caption aligncenter\"><img loading=\"lazy\" decoding=\"async\" aria-describedby=\"caption-attachment-123766\" class=\"wp-image-123766\" src=\"https:\/\/diarioregionaldigital.com.br\/wp-content\/uploads\/2018\/10\/fotoa-19.jpg\" alt=\"\" width=\"680\" height=\"441\" srcset=\"https:\/\/diarioregionaldigital.com.br\/wp-content\/uploads\/2018\/10\/fotoa-19.jpg 960w, https:\/\/diarioregionaldigital.com.br\/wp-content\/uploads\/2018\/10\/fotoa-19-300x195.jpg 300w, https:\/\/diarioregionaldigital.com.br\/wp-content\/uploads\/2018\/10\/fotoa-19-768x498.jpg 768w, https:\/\/diarioregionaldigital.com.br\/wp-content\/uploads\/2018\/10\/fotoa-19-360x234.jpg 360w\" sizes=\"auto, (max-width: 680px) 100vw, 680px\" \/><p id=\"caption-attachment-123766\" class=\"wp-caption-text\">O talentoso cantor Thiago Miranda comemora, com show hoje no Cine-Theatro Central, 14 anos de carreira. Aplausos<\/p><\/div>\n<div id=\"attachment_123767\" style=\"width: 690px\" class=\"wp-caption aligncenter\"><img loading=\"lazy\" decoding=\"async\" aria-describedby=\"caption-attachment-123767\" class=\"wp-image-123767\" src=\"https:\/\/diarioregionaldigital.com.br\/wp-content\/uploads\/2018\/10\/fotoaa-9-e1540427322137.jpg\" alt=\"\" width=\"680\" height=\"491\" srcset=\"https:\/\/diarioregionaldigital.com.br\/wp-content\/uploads\/2018\/10\/fotoaa-9-e1540427322137.jpg 898w, https:\/\/diarioregionaldigital.com.br\/wp-content\/uploads\/2018\/10\/fotoaa-9-e1540427322137-300x216.jpg 300w, https:\/\/diarioregionaldigital.com.br\/wp-content\/uploads\/2018\/10\/fotoaa-9-e1540427322137-768x554.jpg 768w, https:\/\/diarioregionaldigital.com.br\/wp-content\/uploads\/2018\/10\/fotoaa-9-e1540427322137-360x260.jpg 360w\" sizes=\"auto, (max-width: 680px) 100vw, 680px\" \/><p id=\"caption-attachment-123767\" class=\"wp-caption-text\">Na abertura oficial da XVI Semana de Extens\u00e3o e Pesquisa da Universo\/JF, os professores Jesuliana, Priscila, Maria Clara, Paulo Sergio Morse (diretor), Julia e Jos\u00e9 Geraldo<\/p><\/div>\n<div id=\"attachment_123768\" style=\"width: 690px\" class=\"wp-caption aligncenter\"><img loading=\"lazy\" decoding=\"async\" aria-describedby=\"caption-attachment-123768\" class=\"wp-image-123768\" src=\"https:\/\/diarioregionaldigital.com.br\/wp-content\/uploads\/2018\/10\/fotob-14-e1540427348588.jpg\" alt=\"\" width=\"680\" height=\"480\" srcset=\"https:\/\/diarioregionaldigital.com.br\/wp-content\/uploads\/2018\/10\/fotob-14-e1540427348588.jpg 809w, https:\/\/diarioregionaldigital.com.br\/wp-content\/uploads\/2018\/10\/fotob-14-e1540427348588-300x212.jpg 300w, https:\/\/diarioregionaldigital.com.br\/wp-content\/uploads\/2018\/10\/fotob-14-e1540427348588-768x542.jpg 768w, https:\/\/diarioregionaldigital.com.br\/wp-content\/uploads\/2018\/10\/fotob-14-e1540427348588-750x530.jpg 750w, https:\/\/diarioregionaldigital.com.br\/wp-content\/uploads\/2018\/10\/fotob-14-e1540427348588-360x254.jpg 360w, https:\/\/diarioregionaldigital.com.br\/wp-content\/uploads\/2018\/10\/fotob-14-e1540427348588-100x70.jpg 100w\" sizes=\"auto, (max-width: 680px) 100vw, 680px\" \/><p id=\"caption-attachment-123768\" class=\"wp-caption-text\">Contabilizando sucesso em Matias Barbosa, a megaempres\u00e1ria Marcelle Oliveira e o coiffeur das estrelas Alexandre Henter<\/p><\/div>\n<div id=\"attachment_123769\" style=\"width: 690px\" class=\"wp-caption aligncenter\"><img loading=\"lazy\" decoding=\"async\" aria-describedby=\"caption-attachment-123769\" class=\"wp-image-123769\" src=\"https:\/\/diarioregionaldigital.com.br\/wp-content\/uploads\/2018\/10\/fotoc-14-e1540427376435.jpg\" alt=\"\" width=\"680\" height=\"502\" srcset=\"https:\/\/diarioregionaldigital.com.br\/wp-content\/uploads\/2018\/10\/fotoc-14-e1540427376435.jpg 926w, https:\/\/diarioregionaldigital.com.br\/wp-content\/uploads\/2018\/10\/fotoc-14-e1540427376435-300x222.jpg 300w, https:\/\/diarioregionaldigital.com.br\/wp-content\/uploads\/2018\/10\/fotoc-14-e1540427376435-768x567.jpg 768w, https:\/\/diarioregionaldigital.com.br\/wp-content\/uploads\/2018\/10\/fotoc-14-e1540427376435-360x266.jpg 360w\" sizes=\"auto, (max-width: 680px) 100vw, 680px\" \/><p id=\"caption-attachment-123769\" class=\"wp-caption-text\">Fazendo sucesso com a loja Toda Linda em Bicas, os lindos Renan Ferreira e Carine Soares<\/p><\/div>\n<div id=\"attachment_123770\" style=\"width: 690px\" class=\"wp-caption aligncenter\"><img loading=\"lazy\" decoding=\"async\" aria-describedby=\"caption-attachment-123770\" class=\"wp-image-123770\" src=\"https:\/\/diarioregionaldigital.com.br\/wp-content\/uploads\/2018\/10\/fotod-15-e1540427412830.jpg\" alt=\"\" width=\"680\" height=\"573\" srcset=\"https:\/\/diarioregionaldigital.com.br\/wp-content\/uploads\/2018\/10\/fotod-15-e1540427412830.jpg 712w, https:\/\/diarioregionaldigital.com.br\/wp-content\/uploads\/2018\/10\/fotod-15-e1540427412830-300x253.jpg 300w, https:\/\/diarioregionaldigital.com.br\/wp-content\/uploads\/2018\/10\/fotod-15-e1540427412830-360x303.jpg 360w\" sizes=\"auto, (max-width: 680px) 100vw, 680px\" \/><p id=\"caption-attachment-123770\" class=\"wp-caption-text\">No Trade Hotel em noite de premia\u00e7\u00e3o, Eduardo Gomes e Wesley Ferry (Cantor Revela\u00e7\u00e3o 2018)<\/p><\/div>\n<div id=\"attachment_123771\" style=\"width: 690px\" class=\"wp-caption aligncenter\"><img loading=\"lazy\" decoding=\"async\" aria-describedby=\"caption-attachment-123771\" class=\"wp-image-123771\" src=\"https:\/\/diarioregionaldigital.com.br\/wp-content\/uploads\/2018\/10\/fotoe-14-e1540427440398.jpg\" alt=\"\" width=\"680\" height=\"502\" srcset=\"https:\/\/diarioregionaldigital.com.br\/wp-content\/uploads\/2018\/10\/fotoe-14-e1540427440398.jpg 1543w, https:\/\/diarioregionaldigital.com.br\/wp-content\/uploads\/2018\/10\/fotoe-14-e1540427440398-300x222.jpg 300w, https:\/\/diarioregionaldigital.com.br\/wp-content\/uploads\/2018\/10\/fotoe-14-e1540427440398-768x567.jpg 768w, https:\/\/diarioregionaldigital.com.br\/wp-content\/uploads\/2018\/10\/fotoe-14-e1540427440398-1024x757.jpg 1024w, https:\/\/diarioregionaldigital.com.br\/wp-content\/uploads\/2018\/10\/fotoe-14-e1540427440398-360x266.jpg 360w\" sizes=\"auto, (max-width: 680px) 100vw, 680px\" \/><p id=\"caption-attachment-123771\" class=\"wp-caption-text\">Na quadra do Salgueiro (Rio), a rainha de bateria Viviane Ara\u00fajo e o jornalista Gabriel Menegheli<\/p><\/div>\n<div id=\"attachment_123772\" style=\"width: 690px\" class=\"wp-caption aligncenter\"><img loading=\"lazy\" decoding=\"async\" aria-describedby=\"caption-attachment-123772\" class=\"wp-image-123772\" src=\"https:\/\/diarioregionaldigital.com.br\/wp-content\/uploads\/2018\/10\/fotof-14-e1540427512182.jpg\" alt=\"\" width=\"680\" height=\"478\" srcset=\"https:\/\/diarioregionaldigital.com.br\/wp-content\/uploads\/2018\/10\/fotof-14-e1540427512182.jpg 1683w, https:\/\/diarioregionaldigital.com.br\/wp-content\/uploads\/2018\/10\/fotof-14-e1540427512182-300x210.jpg 300w, https:\/\/diarioregionaldigital.com.br\/wp-content\/uploads\/2018\/10\/fotof-14-e1540427512182-768x539.jpg 768w, https:\/\/diarioregionaldigital.com.br\/wp-content\/uploads\/2018\/10\/fotof-14-e1540427512182-1024x719.jpg 1024w, https:\/\/diarioregionaldigital.com.br\/wp-content\/uploads\/2018\/10\/fotof-14-e1540427512182-360x253.jpg 360w, https:\/\/diarioregionaldigital.com.br\/wp-content\/uploads\/2018\/10\/fotof-14-e1540427512182-100x70.jpg 100w\" sizes=\"auto, (max-width: 680px) 100vw, 680px\" \/><p id=\"caption-attachment-123772\" class=\"wp-caption-text\">Mulheres chiques em noite de festa no Condom\u00ednio Guadalajara, Iara Polissini, Neuza Marsicano e Soraya Fernandes<\/p><\/div>\n<div id=\"attachment_123773\" style=\"width: 690px\" class=\"wp-caption aligncenter\"><img loading=\"lazy\" decoding=\"async\" aria-describedby=\"caption-attachment-123773\" class=\"wp-image-123773\" src=\"https:\/\/diarioregionaldigital.com.br\/wp-content\/uploads\/2018\/10\/fotog-14-e1540427546254.jpg\" alt=\"\" width=\"680\" height=\"518\" srcset=\"https:\/\/diarioregionaldigital.com.br\/wp-content\/uploads\/2018\/10\/fotog-14-e1540427546254.jpg 1156w, https:\/\/diarioregionaldigital.com.br\/wp-content\/uploads\/2018\/10\/fotog-14-e1540427546254-300x229.jpg 300w, https:\/\/diarioregionaldigital.com.br\/wp-content\/uploads\/2018\/10\/fotog-14-e1540427546254-768x585.jpg 768w, https:\/\/diarioregionaldigital.com.br\/wp-content\/uploads\/2018\/10\/fotog-14-e1540427546254-1024x780.jpg 1024w, https:\/\/diarioregionaldigital.com.br\/wp-content\/uploads\/2018\/10\/fotog-14-e1540427546254-360x274.jpg 360w\" sizes=\"auto, (max-width: 680px) 100vw, 680px\" \/><p id=\"caption-attachment-123773\" class=\"wp-caption-text\">Na OAB\/JF, o advogado Thiago Pires e o Procurador da Fazenda Regional Daniel Giotti de Paula (lan\u00e7ando livro)<\/p><\/div>\n<div id=\"attachment_123774\" style=\"width: 690px\" class=\"wp-caption aligncenter\"><img loading=\"lazy\" decoding=\"async\" aria-describedby=\"caption-attachment-123774\" class=\"wp-image-123774\" src=\"https:\/\/diarioregionaldigital.com.br\/wp-content\/uploads\/2018\/10\/fotoh-15-e1540427603336.jpg\" alt=\"\" width=\"680\" height=\"455\" srcset=\"https:\/\/diarioregionaldigital.com.br\/wp-content\/uploads\/2018\/10\/fotoh-15-e1540427603336.jpg 1570w, https:\/\/diarioregionaldigital.com.br\/wp-content\/uploads\/2018\/10\/fotoh-15-e1540427603336-300x201.jpg 300w, https:\/\/diarioregionaldigital.com.br\/wp-content\/uploads\/2018\/10\/fotoh-15-e1540427603336-768x514.jpg 768w, https:\/\/diarioregionaldigital.com.br\/wp-content\/uploads\/2018\/10\/fotoh-15-e1540427603336-1024x685.jpg 1024w, https:\/\/diarioregionaldigital.com.br\/wp-content\/uploads\/2018\/10\/fotoh-15-e1540427603336-360x241.jpg 360w\" sizes=\"auto, (max-width: 680px) 100vw, 680px\" \/><p id=\"caption-attachment-123774\" class=\"wp-caption-text\">A elegante Lucy Hargreaves durante almo\u00e7o em sua resid\u00eancia na Silva Jardim recebeu,Evandro Lopes, Isabel Hargreaves e Cl\u00e1udia Hargreaves<\/p><\/div>\n<div id=\"attachment_123776\" style=\"width: 690px\" class=\"wp-caption aligncenter\"><img loading=\"lazy\" decoding=\"async\" aria-describedby=\"caption-attachment-123776\" class=\"wp-image-123776\" src=\"https:\/\/diarioregionaldigital.com.br\/wp-content\/uploads\/2018\/10\/fotoj-11-e1540427626824.jpg\" alt=\"\" width=\"680\" height=\"491\" srcset=\"https:\/\/diarioregionaldigital.com.br\/wp-content\/uploads\/2018\/10\/fotoj-11-e1540427626824.jpg 1624w, https:\/\/diarioregionaldigital.com.br\/wp-content\/uploads\/2018\/10\/fotoj-11-e1540427626824-300x217.jpg 300w, https:\/\/diarioregionaldigital.com.br\/wp-content\/uploads\/2018\/10\/fotoj-11-e1540427626824-768x555.jpg 768w, https:\/\/diarioregionaldigital.com.br\/wp-content\/uploads\/2018\/10\/fotoj-11-e1540427626824-1024x740.jpg 1024w, https:\/\/diarioregionaldigital.com.br\/wp-content\/uploads\/2018\/10\/fotoj-11-e1540427626824-360x260.jpg 360w\" sizes=\"auto, (max-width: 680px) 100vw, 680px\" \/><p id=\"caption-attachment-123776\" class=\"wp-caption-text\">Na 1\u00aa Mostra de Cinema de Ibitipoca, Norama Mansur e o produtor Evandro Mansur<\/p><\/div>\n<p style=\"text-align: center;\"><strong>FOTOSS\u00cdNTESE<\/strong><\/p>\n<p>Com coquetel \u00e0s 20h, ser\u00e1 inaugurado hoje o Centro de Oncologia do Monte Sinai.<\/p>\n<p>Contabilizando sucesso total, a cantora Sandra Portella vai se apresentar no Porto do Samba, na Pra\u00e7a Ma\u00faa (Rio), no dia 30 de novembro, fazendo dobradinha com Noca da Portella.<\/p>\n<p>A ribalta do Teatro Pachoal Carlos Magno estar\u00e1 iluminada para a apresenta\u00e7\u00e3o do musical A Bela e a Fera. As apresenta\u00e7\u00f5es ser\u00e3o dia 11 de novembro \u00e0s 16h30 e \u00e0s 19h. No dia 18 de novembro, no mesmo hor\u00e1rio. Dire\u00e7\u00e3o de Bruno Arcuri.<\/p>\n<p>A PJF publicou a legisla\u00e7\u00e3o que permite a cria\u00e7\u00e3o de servi\u00e7o telef\u00f4nico destinado a receber solicita\u00e7\u00e3o para o plantio de \u00e1rvores em Juiz de Fora, projeto intitulado \u201cDisque-\u00c1rvore.\u201d<\/p>\n<p>A equipe de foguete modelismo da UFJF participa da mostra nacional da jornada de Foguetes da Mostra brasileira de Foguetes (Mobfog). A Supernova Rocketry esteve presente na Olimp\u00edada Brasileira de Astronomia e Astron\u00e1utica (OABA) realizada na cidade de Barra do Pira\u00ed (RJ).<\/p>\n<p>No pr\u00f3ximo dia 30 de outubro, a Raya Engenharia lan\u00e7a seu mais Novo empreendimento, o Raya Smart, no Estrela Sul.<\/p>\n<p>Em boa hora, o Projeto de extens\u00e3o \u201cMinibasquetebol\u201d da UFJF adapta equipamentos e regras para crian\u00e7as a partir de 7 anos em duas turmas mistas e promove inclus\u00e3o e encantamento.<\/p>\n<p>Maxi-P\u00e3o como \u201cPanificadora do Ano\u201d e a Fleipan como \u201cEmpresa Fornecedora 2018\u201d ser\u00e3o homenageadas durante o Encontro de Panificadores e Fornecedores, dia 27, na Esta\u00e7\u00e3o S\u00e3o Pedro.<\/p>\n<p>Agendado para 5\u00aa feira (hoje), o lan\u00e7amento no Bar da F\u00e1brica do \u00e1lbum \u201cClaustrofobia\u201d da cantora Clara Castro.<\/p>\n<p>At\u00e9 dia 30, a Arteria recebe a 2\u00aa Exposi\u00e7\u00e3o de Trabalhos Acad\u00eamicos em comemora\u00e7\u00e3o aos 20 anos do IAB\/JF.<\/p>\n<p>Em f\u00e9rias e longe da cidade, os lindos casais Luciana Caldas e Alexandre Gollner Morais (no Peru) e Mariana Noronha e Wesley Gomes (no Chile).<\/p>\n<p>Para os rom\u00e2nticos: \u201cDescobri que viver pode ser viajar um no outro\u201d.(Sabedoria Popular). Bom dia!<\/p>\n","protected":false},"excerpt":{"rendered":"<p>Divers\u00e3o Vai bombar o 1\u00ba Festival de Churrasco de Juiz de Fora, com muitas atra\u00e7\u00f5es. Agendado para o dias 9,10 e 11 de novembro na Pra\u00e7a do Bom Pastor, o evento ter\u00e1 diversas variedades de carnes, preparadas das mais variadas formas, com tudo na brasa. Para acompanhar, os megas chopes gelados Antu\u00e9rpia e Mr.Tugas, al\u00e9m [&hellip;]<\/p>\n","protected":false},"author":96,"featured_media":123766,"comment_status":"closed","ping_status":"closed","sticky":false,"template":"","format":"standard","meta":{"footnotes":""},"categories":[264],"tags":[],"class_list":["post-123794","post","type-post","status-publish","format-standard","has-post-thumbnail","hentry","category-eduardo-gomes"],"_links":{"self":[{"href":"https:\/\/diarioregionaldigital.com.br\/index.php?rest_route=\/wp\/v2\/posts\/123794","targetHints":{"allow":["GET"]}}],"collection":[{"href":"https:\/\/diarioregionaldigital.com.br\/index.php?rest_route=\/wp\/v2\/posts"}],"about":[{"href":"https:\/\/diarioregionaldigital.com.br\/index.php?rest_route=\/wp\/v2\/types\/post"}],"author":[{"embeddable":true,"href":"https:\/\/diarioregionaldigital.com.br\/index.php?rest_route=\/wp\/v2\/users\/96"}],"replies":[{"embeddable":true,"href":"https:\/\/diarioregionaldigital.com.br\/index.php?rest_route=%2Fwp%2Fv2%2Fcomments&post=123794"}],"version-history":[{"count":0,"href":"https:\/\/diarioregionaldigital.com.br\/index.php?rest_route=\/wp\/v2\/posts\/123794\/revisions"}],"wp:featuredmedia":[{"embeddable":true,"href":"https:\/\/diarioregionaldigital.com.br\/index.php?rest_route=\/wp\/v2\/media\/123766"}],"wp:attachment":[{"href":"https:\/\/diarioregionaldigital.com.br\/index.php?rest_route=%2Fwp%2Fv2%2Fmedia&parent=123794"}],"wp:term":[{"taxonomy":"category","embeddable":true,"href":"https:\/\/diarioregionaldigital.com.br\/index.php?rest_route=%2Fwp%2Fv2%2Fcategories&post=123794"},{"taxonomy":"post_tag","embeddable":true,"href":"https:\/\/diarioregionaldigital.com.br\/index.php?rest_route=%2Fwp%2Fv2%2Ftags&post=123794"}],"curies":[{"name":"wp","href":"https:\/\/api.w.org\/{rel}","templated":true}]}}