{"id":123786,"date":"2018-10-24T16:00:55","date_gmt":"2018-10-24T18:00:55","guid":{"rendered":"https:\/\/diarioregionaldigital.com.br\/?p=123786"},"modified":"2018-10-25T09:13:13","modified_gmt":"2018-10-25T11:13:13","slug":"os-mitos-e-as-verdades-sobre-o-dente-do-siso","status":"publish","type":"post","link":"https:\/\/diarioregionaldigital.com.br\/?p=123786","title":{"rendered":"Os mitos e as verdades sobre o dente do siso"},"content":{"rendered":"<p>Nesta quinta-feira, 25, \u00e9 comemorado o Dia do Dentista no Brasil. A data tamb\u00e9m \u00e9 marcada como o Dia da Sa\u00fade Bucal. O dia 25 de outubro foi escolhido porque faz men\u00e7\u00e3o ao Decreto-Lei 9.311, assinado nesta mesma data em 1884. Este documento mudou o rumo da odontologia no territ\u00f3rio nacional.<\/p>\n<p>Voc\u00ea j\u00e1 deve ter ouvido falar muitas coisas a respeito do dente siso, certo? Aproveitando esta data comemorativa e buscando esclarecer algumas d\u00favidas, conversamos com a dentista B\u00e1rbara Machado, odontologista graduada pela Universidade Federal Fluminense (UFF), para saber o que \u00e9 verdade e o que \u00e9 mentira quando o assunto \u00e9 o dente do ju\u00edzo.<\/p>\n<p>Os dentes do siso, popularmente conhecidos como \u201cdentes do ju\u00edzo\u201d, s\u00e3o os \u00faltimos molares de cada lado dos maxilares. Eles podem ser extremamente inc\u00f4modos para a maioria das pessoas. Esses dentes s\u00e3o os \u00faltimos a nascer, geralmente entre os 16 e 20 anos de idade. Tal fato pode fazer com que eles fiquem inclusos (dentes presos embaixo da gengiva por outros dentes ou osso), o que pode causar incha\u00e7o ou dor.<\/p>\n<p>Os dentes do siso que nascem parcialmente ou mal posicionados tamb\u00e9m podem causar outros problemas. Antes dos 20 anos de idade, os dentes t\u00eam ra\u00edzes em menor est\u00e1gio de desenvolvimento e ao serem removidos nesse per\u00edodo eles causam menos complica\u00e7\u00f5es.<\/p>\n<p style=\"text-align: center;\"><span style=\"font-size: 14pt;\"><strong>MITOS E VERDADE<\/strong><\/span><\/p>\n<p>&#8211; \u00c9 VERDADE QUE ALGUMAS PESSOAS J\u00c1 NASCEM SEM O DENTE SISO<\/p>\n<blockquote><p><span style=\"font-size: 12pt;\"><em>\u201cN\u00e3o \u00e9 raro que algumas pessoas j\u00e1 nas\u00e7am sem os dentes sisos, e o mesmo pode acontecer com qualquer outro dente. Atualmente, h\u00e1 estudos comprovando que a falta do siso faz parte da evolu\u00e7\u00e3o humana\u201d<\/em><\/span><\/p><\/blockquote>\n<p>&#8211; \u00c9 MITO QUE TODOS QUE T\u00caM O DENTE SISO PRECISAM TIR\u00c1-LO<\/p>\n<blockquote><p><span style=\"font-size: 12pt;\"><em><strong>\u201c<\/strong><\/em><em>Nem todos precisam tirar o siso, por\u00e9m h\u00e1 recomenda\u00e7\u00f5es para a sua retirada quando ele prejudica outros dentes ou n\u00e3o est\u00e1 em uma posi\u00e7\u00e3o adequada na arcada dent\u00e1ria, por exemplo\u201d<\/em><\/span><\/p><\/blockquote>\n<p>&#8211; TAMB\u00c9M \u00c9 MITO QUE O SISO \u00c9 UM DENTE MAIS F\u00c1CIL DE EXTRAIR DO QUE OS OUTROS<\/p>\n<blockquote><p><span style=\"font-size: 12pt;\"><em>\u201cO grau de dificuldade varia de acordo com o dente, s\u00f3 pelo fato de se tratar de um siso n\u00e3o define a dificuldade da extra\u00e7\u00e3o. Por\u00e9m, ele pode ser mais complexo devido \u00e0 sua posi\u00e7\u00e3o, e n\u00e3o simplesmente por ser um siso\u201d<\/em><\/span><\/p><\/blockquote>\n<p>&#8211; OUTRO MITO ACERCA DO DENTE SISO \u00c9 QUE ELE DESALINHA OS DEMAIS DENTES<\/p>\n<blockquote><p><span style=\"font-size: 12pt;\"><em>\u201cQuando erupcionado em posi\u00e7\u00e3o correta e tendo espa\u00e7o para tal erup\u00e7\u00e3o, o siso n\u00e3o provoca desalinhamento dos demais\u201d<\/em><\/span><\/p><\/blockquote>\n<p><em>\u00a0<\/em>&#8211; \u00c9 VERDADE QUE OS SISOS INCLUSOS PODEM PROVOCAR PERDA \u00d3SSEA<\/p>\n<blockquote><p><span style=\"font-size: 12pt;\"><em>\u201c\u00c9 verdade, por\u00e9m acontece muito raramente. Isso s\u00f3 ocorre se o paciente tiver algum tumor ou\u00a0<\/em><a href=\"http:\/\/www.doencaperiodontal.com.br\/\"><strong><em>doen\u00e7a periodontal<\/em><\/strong><\/a><strong><em>\u00a0<\/em><\/strong><em>associados ao dente em quest\u00e3o\u201d<\/em><\/span><\/p><\/blockquote>\n<p>&#8211; TAMB\u00c9M \u00c9 VERDADE QUE A EXTRA\u00c7\u00c3O DO SISO \u00c9 MAIS VANTAJOSA EM PACIENTES JOVENS<\/p>\n<blockquote><p><span style=\"font-size: 12pt;\"><em>\u201cA cirurgia, quando realizada em pacientes jovens, oferece menos complica\u00e7\u00f5es quando comparada aos idosos, pois esses normalmente n\u00e3o apresentam doen\u00e7as, como hipertens\u00e3o ou diabetes, que s\u00e3o mais comuns em pessoas mais velhas\u201d<\/em><\/span><\/p><\/blockquote>\n<p>&#8211; \u00c9 MITO QUE O DENTE SISO J\u00c1 EST\u00c1 SUJEITO A C\u00c1RIES<\/p>\n<blockquote><p><span style=\"font-size: 12pt;\"><em>\u201cA c\u00e1rie \u00e9 acarretada por m\u00faltiplos fatores e o dente por si s\u00f3 n\u00e3o \u00e9 um deles\u201d<\/em><\/span><\/p><\/blockquote>\n<p>&#8211; \u00c9 MITO QUE O DENTE SISO \u00c9 SEMPRE MAIOR QUE OS OUTROS<\/p>\n<blockquote><p><span style=\"font-size: 12pt;\"><em>\u201cO siso \u00e9 um dente muito vari\u00e1vel, apresentando diversas caracter\u00edsticas quanto \u00e0 forma, ao tamanho e ao n\u00famero de ra\u00edzes\u201d<\/em><\/span><\/p><\/blockquote>\n<p>&#8211; \u00c9 MITO QUE QUEM EXTRAI UM SISO PRECISA EXTRAIR TODOS OS OUTROS<\/p>\n<blockquote><p><span style=\"font-size: 12pt;\"><em>\u201cA necessidade da extra\u00e7\u00e3o varia de dente para dente. Pode ser que um precise extrair e o outro n\u00e3o\u201d<\/em><\/span><\/p><\/blockquote>\n<p>&#8211; \u00c9 VERDADE QUE \u00c9 PRECISO FAZER REPOUSO DEPOIS DA RETIRADA DO SISO<\/p>\n<blockquote><p><span style=\"font-size: 12pt;\"><em>\u201cPara toda extra\u00e7\u00e3o, \u00e9 necess\u00e1rio um tempo de repouso de acordo com a complexidade da cirurgia\u201d<\/em><\/span><\/p><\/blockquote>\n","protected":false},"excerpt":{"rendered":"<p>Nesta quinta-feira, 25, \u00e9 comemorado o Dia do Dentista no Brasil. A data tamb\u00e9m \u00e9 marcada como o Dia da Sa\u00fade Bucal. O dia 25 de outubro foi escolhido porque faz men\u00e7\u00e3o ao Decreto-Lei 9.311, assinado nesta mesma data em 1884. Este documento mudou o rumo da odontologia no territ\u00f3rio nacional. Voc\u00ea j\u00e1 deve ter [&hellip;]<\/p>\n","protected":false},"author":96,"featured_media":123787,"comment_status":"closed","ping_status":"closed","sticky":false,"template":"","format":"standard","meta":{"footnotes":""},"categories":[253,436,440,439],"tags":[],"class_list":["post-123786","post","type-post","status-publish","format-standard","has-post-thumbnail","hentry","category-cidade","category-destaque-da-semana","category-destaques-do-dia","category-ultima-hora"],"_links":{"self":[{"href":"https:\/\/diarioregionaldigital.com.br\/index.php?rest_route=\/wp\/v2\/posts\/123786","targetHints":{"allow":["GET"]}}],"collection":[{"href":"https:\/\/diarioregionaldigital.com.br\/index.php?rest_route=\/wp\/v2\/posts"}],"about":[{"href":"https:\/\/diarioregionaldigital.com.br\/index.php?rest_route=\/wp\/v2\/types\/post"}],"author":[{"embeddable":true,"href":"https:\/\/diarioregionaldigital.com.br\/index.php?rest_route=\/wp\/v2\/users\/96"}],"replies":[{"embeddable":true,"href":"https:\/\/diarioregionaldigital.com.br\/index.php?rest_route=%2Fwp%2Fv2%2Fcomments&post=123786"}],"version-history":[{"count":0,"href":"https:\/\/diarioregionaldigital.com.br\/index.php?rest_route=\/wp\/v2\/posts\/123786\/revisions"}],"wp:featuredmedia":[{"embeddable":true,"href":"https:\/\/diarioregionaldigital.com.br\/index.php?rest_route=\/wp\/v2\/media\/123787"}],"wp:attachment":[{"href":"https:\/\/diarioregionaldigital.com.br\/index.php?rest_route=%2Fwp%2Fv2%2Fmedia&parent=123786"}],"wp:term":[{"taxonomy":"category","embeddable":true,"href":"https:\/\/diarioregionaldigital.com.br\/index.php?rest_route=%2Fwp%2Fv2%2Fcategories&post=123786"},{"taxonomy":"post_tag","embeddable":true,"href":"https:\/\/diarioregionaldigital.com.br\/index.php?rest_route=%2Fwp%2Fv2%2Ftags&post=123786"}],"curies":[{"name":"wp","href":"https:\/\/api.w.org\/{rel}","templated":true}]}}