{"id":123782,"date":"2018-10-24T18:58:02","date_gmt":"2018-10-24T20:58:02","guid":{"rendered":"https:\/\/diarioregionaldigital.com.br\/?p=123782"},"modified":"2018-10-24T18:58:02","modified_gmt":"2018-10-24T20:58:02","slug":"realizacao-pessoal-passa-pelo-autoconhecimento","status":"publish","type":"post","link":"https:\/\/diarioregionaldigital.com.br\/?p=123782","title":{"rendered":"Realiza\u00e7\u00e3o pessoal passa pelo autoconhecimento"},"content":{"rendered":"<p>A\u00a0 realiza\u00e7\u00e3o pessoal \u00e9 um dos principais pontos apontados quando o assunto s\u00e3o metas e objetivos para a vida. A defini\u00e7\u00e3o, apesar de variar de pessoa para pessoa, est\u00e1 relacionada a conquistas pessoais e o alcance dos sonhos.<\/p>\n<p>&nbsp;<\/p>\n<p>O processo de realiza\u00e7\u00e3o muitas vezes exige uma mudan\u00e7a de atitude e\/ou comportamento e por isso, o autoconhecimento \u00e9\u00a0 fundamental para a sua conquista.<\/p>\n<p>&nbsp;<\/p>\n<p>Desenvolver o conhecimento pessoal nem sempre \u00e9 uma tarefa f\u00e1cil, mas existem alguns m\u00e9todos que ajudam. Uma delas \u00e9 o processo de <a href=\"http:\/\/www.ibccoaching.com.br\/\">coaching<\/a>.<\/p>\n<p>&nbsp;<\/p>\n<p>A t\u00e9cnica\u00a0 contribui para conquistar um maior equil\u00edbrio nas rela\u00e7\u00f5es pessoais e profissionais. Para tanto, trabalha com mecanismos que promovem uma profunda mudan\u00e7a de percep\u00e7\u00f5es e pensamentos, tornando poss\u00edvel, inclusive, um entendimento mais amplo com rela\u00e7\u00e3o \u00e0 mente humana.<\/p>\n<p>&nbsp;<\/p>\n<p>O coachee (cliente) percebe, ao passar pelo processo de coaching, que \u00e9 capaz de explorar suas potencialidades e, com isso, alcan\u00e7ar seus objetivos tanto na vida pessoal quanto profissional. Neste post voc\u00ea vai conhecer a rela\u00e7\u00e3o entre o autoconhecimento e a realiza\u00e7\u00e3o pessoal. Acompanhe.<\/p>\n<h1>Por que o autoconhecimento \u00e9 importante para a realiza\u00e7\u00e3o pessoal?<\/h1>\n<p>Passar pelo processo de autoconhecimento \u00e9 empregar esfor\u00e7os para conhecer a si mesmo e a suas emo\u00e7\u00f5es. Isso implica em desvendar capacidades, qualidades, bem como quest\u00f5es que devem ser melhoradas. Portanto, o autoconhecimento requer saber gerenciar emo\u00e7\u00f5es e encontrar as oportunidades para se autodesenvolver.<\/p>\n<p>&nbsp;<\/p>\n<p>Nesse contexto, somente quando o indiv\u00edduo adquirir a no\u00e7\u00e3o de suas potencialidades e fraquezas, \u00e9 que ter\u00e1 condi\u00e7\u00f5es para trabalhar as quest\u00f5es que o levar\u00e3o ao equil\u00edbrio emocional, tornando mais saud\u00e1vel sua rela\u00e7\u00e3o com as pessoas que convive, e com isso favorecer sua realiza\u00e7\u00e3o pessoal.<\/p>\n<p>&nbsp;<\/p>\n<p>Para chegar \u00e0 realiza\u00e7\u00e3o pessoal, o coaching trabalha com\u00a0 aspectos fundamentais.<\/p>\n<p>Os principais s\u00e3o:<\/p>\n<h3>Quem sou eu?<\/h3>\n<p>Para se autoconhecer, o coachee precisa aumentar a consci\u00eancia dos seus atos e reconhecer os pontos que necessitam de melhoria. Dessa forma, \u00e9 poss\u00edvel desenvolver seus pontos fortes, o que o ajudar\u00e1 a superar desafios.<\/p>\n<h3>Onde estou?<\/h3>\n<p>Nessa etapa, o objetivo \u00e9 entender o momento atual de vida do coachee. Aqui o coach prop\u00f5e uma avalia\u00e7\u00e3o profunda de como o indiv\u00edduo se coloca no mundo \u2013 ao se deparar com os pr\u00f3prios desafios. Al\u00e9m disso, segue-se uma an\u00e1lise geral sobre a vida, observando o seu n\u00edvel de satisfa\u00e7\u00e3o no momento (estado atual).<\/p>\n<h3>Para onde vou?<\/h3>\n<p>Ao reconhecer quem \u00e9 e onde est\u00e1, chega o momento do coachee tra\u00e7ar uma nova rota e, assim, iniciar uma trajet\u00f3ria diferente para a vida. Come\u00e7a a fase de alinhamento\u00a0 de estrat\u00e9gias para chegar ao Estado Desejado (ED).<\/p>\n<p>&nbsp;<\/p>\n<p>Com a ferramenta de autoconhecimento utilizada pelo coaching, a pessoa estar\u00e1 mais preparada e estruturada, com condi\u00e7\u00f5es de redirecionar o pr\u00f3prio caminho, com mais clareza sobre seus objetivos.<\/p>\n<p>&nbsp;<\/p>\n<p>Esse processo revela o poder pessoal do coachee, sua hist\u00f3ria, seu desejo e suas expectativas. A utiliza\u00e7\u00e3o desse processo \u00e9 uma maneira de promover a conex\u00e3o do que h\u00e1 de melhor na pessoa que passa pelo processo de coaching.<\/p>\n<h2>Como o coaching auxilia no autoconhecimento?<\/h2>\n<p>Utilizando v\u00e1rias t\u00e9cnicas de autoconhecimento com conceitos psicol\u00f3gicos e filos\u00f3ficos, o coachee aprende que pode melhorar seu comportamento de acordo com os objetivos tra\u00e7ados. Dessa forma, \u00e9 poss\u00edvel desenhar metas claras e ultrapassar barreiras pessoais e profissionais com muito mais facilidade e efici\u00eancia.<\/p>\n<p>&nbsp;<\/p>\n<p>Portanto, o autoconhecimento \u00e9 uma poderosa ferramenta trabalhada pelo coaching para o desenvolvimento em v\u00e1rias \u00e1reas da vida, que se bem direcionada, pode levar \u00e0 realiza\u00e7\u00e3o pessoal.<\/p>\n<p>&nbsp;<\/p>\n<p>Fonte: Brands e Blogs<\/p>\n","protected":false},"excerpt":{"rendered":"<p>A\u00a0 realiza\u00e7\u00e3o pessoal \u00e9 um dos principais pontos apontados quando o assunto s\u00e3o metas e objetivos para a vida. A defini\u00e7\u00e3o, apesar de variar de pessoa para pessoa, est\u00e1 relacionada a conquistas pessoais e o alcance dos sonhos. &nbsp; O processo de realiza\u00e7\u00e3o muitas vezes exige uma mudan\u00e7a de atitude e\/ou comportamento e por isso, [&hellip;]<\/p>\n","protected":false},"author":96,"featured_media":123783,"comment_status":"closed","ping_status":"closed","sticky":false,"template":"","format":"standard","meta":{"footnotes":""},"categories":[302,436,439],"tags":[],"class_list":["post-123782","post","type-post","status-publish","format-standard","has-post-thumbnail","hentry","category-brasil-mundo","category-destaque-da-semana","category-ultima-hora"],"_links":{"self":[{"href":"https:\/\/diarioregionaldigital.com.br\/index.php?rest_route=\/wp\/v2\/posts\/123782","targetHints":{"allow":["GET"]}}],"collection":[{"href":"https:\/\/diarioregionaldigital.com.br\/index.php?rest_route=\/wp\/v2\/posts"}],"about":[{"href":"https:\/\/diarioregionaldigital.com.br\/index.php?rest_route=\/wp\/v2\/types\/post"}],"author":[{"embeddable":true,"href":"https:\/\/diarioregionaldigital.com.br\/index.php?rest_route=\/wp\/v2\/users\/96"}],"replies":[{"embeddable":true,"href":"https:\/\/diarioregionaldigital.com.br\/index.php?rest_route=%2Fwp%2Fv2%2Fcomments&post=123782"}],"version-history":[{"count":0,"href":"https:\/\/diarioregionaldigital.com.br\/index.php?rest_route=\/wp\/v2\/posts\/123782\/revisions"}],"wp:featuredmedia":[{"embeddable":true,"href":"https:\/\/diarioregionaldigital.com.br\/index.php?rest_route=\/wp\/v2\/media\/123783"}],"wp:attachment":[{"href":"https:\/\/diarioregionaldigital.com.br\/index.php?rest_route=%2Fwp%2Fv2%2Fmedia&parent=123782"}],"wp:term":[{"taxonomy":"category","embeddable":true,"href":"https:\/\/diarioregionaldigital.com.br\/index.php?rest_route=%2Fwp%2Fv2%2Fcategories&post=123782"},{"taxonomy":"post_tag","embeddable":true,"href":"https:\/\/diarioregionaldigital.com.br\/index.php?rest_route=%2Fwp%2Fv2%2Ftags&post=123782"}],"curies":[{"name":"wp","href":"https:\/\/api.w.org\/{rel}","templated":true}]}}