{"id":123778,"date":"2018-10-25T06:02:37","date_gmt":"2018-10-25T08:02:37","guid":{"rendered":"https:\/\/diarioregionaldigital.com.br\/?p=123778"},"modified":"2018-10-25T10:47:05","modified_gmt":"2018-10-25T12:47:05","slug":"preco-da-passagem-de-onibus-pode-aumentar-em-juiz-de-fora","status":"publish","type":"post","link":"https:\/\/diarioregionaldigital.com.br\/?p=123778","title":{"rendered":"Pre\u00e7o da passagem de \u00f4nibus pode aumentar em Juiz de Fora"},"content":{"rendered":"<p>O pre\u00e7o da passagem de \u00f4nibus deve subir de R$3,10, valor atual, para R$3,35 em Juiz de Fora. Isso porque neste m\u00eas os cons\u00f3rcios respons\u00e1veis pelo transporte p\u00fablico formalizaram um protocolo requerendo o decreto de uma nova tarifa de forma urgente. Esse poss\u00edvel aumento \u00e9 equivalente a 8,06% e ainda n\u00e3o tem data para entrar em vigor. A \u00faltima altera\u00e7\u00e3o do pre\u00e7o na tarifa de \u00f4nibus aconteceu h\u00e1 pouco mais de um ano, no dia 8 de outubro de 2017, quando o valor passou de R$2,75 para o pre\u00e7o atual. Ainda no ano passado, o valor do bilhete \u00fanico sofreu um aumento de R$4,13 para R$4,65.<\/p>\n<p>O acr\u00e9scimo de R$0,25, j\u00e1 arredondado, no valor da passagem por passageiro foi calculado pela assessoria t\u00e9cnica da Astransp, tendo como base a aplica\u00e7\u00e3o da f\u00f3rmula param\u00e9trica com \u00edndices p\u00fablicos (diesel, conven\u00e7\u00e3o coletiva, \u00f4nibus e IGP-DI),\u00a0com suas respectivas pondera\u00e7\u00f5es. Guilherme Ventura, Assessor T\u00e9cnico da Astransp, explica que este c\u00e1lculo est\u00e1 previsto\u00a0nos contratos assinados pelos cons\u00f3rcios vencedores da licita\u00e7\u00e3o realizada pelo Munic\u00edpio. Ventura ainda disse que, &#8220;os contratos com os dois Cons\u00f3rcios foram assinados em 01\/06\/16 e as opera\u00e7\u00f5es come\u00e7aram 90 dias ap\u00f3s, ou seja em 01\/09\/16, com previs\u00e3o na Cl\u00e1usula 22 Par\u00e1grafo 4\u00ba de reajuste param\u00e9trico 12 meses ap\u00f3s o \u00faltimo reajuste que havia sido em abril\/16. Havia expectativa ent\u00e3o pelo contrato de um reajuste pela f\u00f3rmula param\u00e9trica assim que finalizados todos os \u00edndices obrigat\u00f3rios para o c\u00e1lculo e isto ocorreu ap\u00f3s a assinatura da conven\u00e7\u00e3o coletiva em 29\/05\/17.\u00a0 O reajuste autorizado somente ocorreu em 29\/09\/17, \u00a0gerando desequil\u00edbrios econ\u00f4mico-financeiros pela aus\u00eancia de reajuste nos meses de junho\/17 a setembro\/17. Em 29\/09\/17 a SETTRA decretou, conforme \u00a0disp\u00f5e o contrato, o primeiro reajuste revisional, atualizando a tarifa para o valor de R$ 3,10, sem estabelecer as remunera\u00e7\u00f5es de equil\u00edbrio para cada Cons\u00f3rcio, conforme o contrato estabelece&#8221;. Ele tamb\u00e9m explica que, por contrato, uma nova tarifa deve ser estabelecida 12 meses ap\u00f3s a decreta\u00e7\u00e3o da \u00faltima.<\/p>\n<p>Ainda segundo o Assessor T\u00e9cnico, considerando a demanda transportada m\u00e9dia de 243.000 passageiros por dia, esse n\u00famero resultaria, diariamente, em uma perda de receita de R$ 60.000,00 desde o dia 06 de outubro de 2018. &#8220;O atraso na decreta\u00e7\u00e3o da nova tarifa \u00e9 preocupante, pois as empresas possuem compromissos financeiros como 13\u00ba. Sal\u00e1rio que j\u00e1 se aproxima, adequa\u00e7\u00e3o de frota, assim como seu custeio di\u00e1rio. A estes preju\u00edzos somam-se aqueles devidos \u00e0 n\u00e3o-decreta\u00e7\u00e3o do reajuste entre junho\/17 e setembro\/17, com grandes impactos sobre os Cons\u00f3rcios. Estes desequil\u00edbrios financeiros podem comprometer a capacidade de presta\u00e7\u00e3o de servi\u00e7os na qualidade exigida no contrato&#8221;, conclui.<\/p>\n<p>A equipe do Di\u00e1rio Regional procurou a Secretaria de Transportes e Tr\u00e2nsito (Settra) para falar sobre o aumento da passagem. Atrav\u00e9s da assessoria a Settra respondeu \u201cn\u00e3o h\u00e1 novidade sobre o assunto\u201d.<\/p>\n<div id=\"attachment_123780\" style=\"width: 408px\" class=\"wp-caption aligncenter\"><img loading=\"lazy\" decoding=\"async\" aria-describedby=\"caption-attachment-123780\" class=\" wp-image-123780\" src=\"https:\/\/diarioregionaldigital.com.br\/wp-content\/uploads\/2018\/10\/RAFAELA-FRUTUOSO-usar-essa-2-3-300x200.jpg\" alt=\"\" width=\"398\" height=\"265\" srcset=\"https:\/\/diarioregionaldigital.com.br\/wp-content\/uploads\/2018\/10\/RAFAELA-FRUTUOSO-usar-essa-2-3-300x200.jpg 300w, https:\/\/diarioregionaldigital.com.br\/wp-content\/uploads\/2018\/10\/RAFAELA-FRUTUOSO-usar-essa-2-3-768x512.jpg 768w, https:\/\/diarioregionaldigital.com.br\/wp-content\/uploads\/2018\/10\/RAFAELA-FRUTUOSO-usar-essa-2-3-1024x683.jpg 1024w, https:\/\/diarioregionaldigital.com.br\/wp-content\/uploads\/2018\/10\/RAFAELA-FRUTUOSO-usar-essa-2-3-360x240.jpg 360w\" sizes=\"auto, (max-width: 398px) 100vw, 398px\" \/><p id=\"caption-attachment-123780\" class=\"wp-caption-text\">Foto: Rafaela Frutuoso<\/p><\/div>\n<p><strong>A POPULA\u00c7\u00c3O<\/strong><\/p>\n<p>Evertton Maria, jornalista, acredita que a popula\u00e7\u00e3o juiz-forana j\u00e1 se adaptou ao valor cobrado atualmente, mas que um aumento n\u00e3o \u00e9 justo diante do servi\u00e7o que \u00e9 oferecido a popula\u00e7\u00e3o. \u201cPercebe que existe a tentativa de se fazer implantar o que foi proposto na licita\u00e7\u00e3o, mas ainda h\u00e1 muito o que se fazer e por isso eu acredito que n\u00e3o se justifica, por conta da qualidade do servi\u00e7o que \u00e9 oferecido, aumentar a passagem com o servi\u00e7o que n\u00e3o est\u00e1 sendo na sua proposta bem prestado\u201d, avalia.<\/p>\n<p>O estudante Jean Teixeira, 27 anos, utiliza o transporte p\u00fablico com frequ\u00eancia. Ele acredita que o valor atual (R$3,10) cobrado \u00e9 al\u00e9m do justo e que a nova proposta (R$3,35) \u00e9 \u201cabusiva\u201d diante das condi\u00e7\u00f5es oferecidas pelas linhas de \u00f4nibus da cidade. \u201cR$3,00 seria o valor ideal. A cidade n\u00e3o \u00e9 t\u00e3o grande para cobrar um valor superior, muitos bairros s\u00e3o muito pr\u00f3ximos ao centro. Com frequ\u00eancia temos \u00f4nibus com problemas t\u00e9cnicos parados no meio das ruas. \u00c9 inadmiss\u00edvel\u201d. Jean aponta alguns pontos que precisam ser melhorados para que o transporte p\u00fablico seja considerado ideal e, assim, justificar o pre\u00e7o proposto para ser cobrado nas passagens. \u201cAcredito que \u00e9 preciso de novos hor\u00e1rios, um sinal bom de internet e mais empatia por parte dos cobradores, j\u00e1 que muitas vezes eles est\u00e3o mexendo no celular quando vamos pagar a passagem. Falta treinamento de equipe\u201d, conclui.<\/p>\n","protected":false},"excerpt":{"rendered":"<p>O pre\u00e7o da passagem de \u00f4nibus deve subir de R$3,10, valor atual, para R$3,35 em Juiz de Fora. Isso porque neste m\u00eas os cons\u00f3rcios respons\u00e1veis pelo transporte p\u00fablico formalizaram um protocolo requerendo o decreto de uma nova tarifa de forma urgente. Esse poss\u00edvel aumento \u00e9 equivalente a 8,06% e ainda n\u00e3o tem data para entrar [&hellip;]<\/p>\n","protected":false},"author":96,"featured_media":123779,"comment_status":"closed","ping_status":"closed","sticky":false,"template":"","format":"standard","meta":{"footnotes":""},"categories":[253,436,440,439],"tags":[],"class_list":["post-123778","post","type-post","status-publish","format-standard","has-post-thumbnail","hentry","category-cidade","category-destaque-da-semana","category-destaques-do-dia","category-ultima-hora"],"_links":{"self":[{"href":"https:\/\/diarioregionaldigital.com.br\/index.php?rest_route=\/wp\/v2\/posts\/123778","targetHints":{"allow":["GET"]}}],"collection":[{"href":"https:\/\/diarioregionaldigital.com.br\/index.php?rest_route=\/wp\/v2\/posts"}],"about":[{"href":"https:\/\/diarioregionaldigital.com.br\/index.php?rest_route=\/wp\/v2\/types\/post"}],"author":[{"embeddable":true,"href":"https:\/\/diarioregionaldigital.com.br\/index.php?rest_route=\/wp\/v2\/users\/96"}],"replies":[{"embeddable":true,"href":"https:\/\/diarioregionaldigital.com.br\/index.php?rest_route=%2Fwp%2Fv2%2Fcomments&post=123778"}],"version-history":[{"count":0,"href":"https:\/\/diarioregionaldigital.com.br\/index.php?rest_route=\/wp\/v2\/posts\/123778\/revisions"}],"wp:featuredmedia":[{"embeddable":true,"href":"https:\/\/diarioregionaldigital.com.br\/index.php?rest_route=\/wp\/v2\/media\/123779"}],"wp:attachment":[{"href":"https:\/\/diarioregionaldigital.com.br\/index.php?rest_route=%2Fwp%2Fv2%2Fmedia&parent=123778"}],"wp:term":[{"taxonomy":"category","embeddable":true,"href":"https:\/\/diarioregionaldigital.com.br\/index.php?rest_route=%2Fwp%2Fv2%2Fcategories&post=123778"},{"taxonomy":"post_tag","embeddable":true,"href":"https:\/\/diarioregionaldigital.com.br\/index.php?rest_route=%2Fwp%2Fv2%2Ftags&post=123778"}],"curies":[{"name":"wp","href":"https:\/\/api.w.org\/{rel}","templated":true}]}}