{"id":123761,"date":"2018-10-24T16:52:02","date_gmt":"2018-10-24T18:52:02","guid":{"rendered":"https:\/\/diarioregionaldigital.com.br\/?p=123761"},"modified":"2018-10-24T16:52:02","modified_gmt":"2018-10-24T18:52:02","slug":"governador-de-minas-envia-projeto-sobre-divida-de-r100-milhoes","status":"publish","type":"post","link":"https:\/\/diarioregionaldigital.com.br\/?p=123761","title":{"rendered":"Governador de Minas envia projeto sobre d\u00edvida de R$100 milh\u00f5es"},"content":{"rendered":"<p>Durante a Reuni\u00e3o Ordin\u00e1ria desta ter\u00e7a-feira, 23, o Plen\u00e1rio da Assembleia Legislativa de Minas Gerais (ALMG) recebeu mensagem do governador Fernando Pimentel, por meio da qual \u00e9 encaminhado o Projeto de Lei (PL) , de sua autoria, que autoriza o Estado a assumir o passivo financeiro das funda\u00e7\u00f5es de ensino associadas \u00e0 Universidade do Estado de Minas Gerais (Uemg).<\/p>\n<p>O total da d\u00edvida a ser assumida pelo Estado \u00e9 de R$100.712.425,09. O valor corresponde ao passivo de seis funda\u00e7\u00f5es de ensino superior: Funda\u00e7\u00e3o Educacional de Carangola, Funda\u00e7\u00e3o Educacional do Vale do Jequitinhonha, Funda\u00e7\u00e3o de Ensino Superior de Passos, Funda\u00e7\u00e3o Educacional de Ituiutaba, Funda\u00e7\u00e3o Cultural Campanha da Princesa e Funda\u00e7\u00e3o Educacional de Divin\u00f3polis. Suas atividades de ensino, pesquisa, extens\u00e3o e gest\u00e3o acad\u00eamica foram absorvidas pela Uemg.<\/p>\n<p>Na justificativa que integra a mensagem, o governador afirmou que \u00e9 necess\u00e1rio que o Estado assuma a d\u00edvida, uma vez que isso foi determinado por Lei. O projeto de lei encaminhado tamb\u00e9m autoriza a extin\u00e7\u00e3o da personalidade jur\u00eddica das funda\u00e7\u00f5es de ensino absorvidas pela Uemg.<\/p>\n<p>Projetos or\u00e7ament\u00e1rios \u2013 Na mesma Reuni\u00e3o Ordin\u00e1ria, foi comunicada em Plen\u00e1rio a publica\u00e7\u00e3o dos PLs\u00a0que trata das diretrizes or\u00e7ament\u00e1rias para 2019;\u00a0que disp\u00f5e sobre a revis\u00e3o do Plano Plurianual de A\u00e7\u00e3o Governamental (PPAG 2016-2019) para o exerc\u00edcio 2019; e\u00a0que trata do or\u00e7amento do Estado para 2019. Tamb\u00e9m foi informado que o prazo para apresenta\u00e7\u00e3o de emendas aos projetos vai at\u00e9 12 de novembro.<\/p>\n<p>&nbsp;<\/p>\n<p>Fonte: Assessoria<\/p>\n","protected":false},"excerpt":{"rendered":"<p>Durante a Reuni\u00e3o Ordin\u00e1ria desta ter\u00e7a-feira, 23, o Plen\u00e1rio da Assembleia Legislativa de Minas Gerais (ALMG) recebeu mensagem do governador Fernando Pimentel, por meio da qual \u00e9 encaminhado o Projeto de Lei (PL) , de sua autoria, que autoriza o Estado a assumir o passivo financeiro das funda\u00e7\u00f5es de ensino associadas \u00e0 Universidade do Estado [&hellip;]<\/p>\n","protected":false},"author":96,"featured_media":123762,"comment_status":"closed","ping_status":"closed","sticky":false,"template":"","format":"standard","meta":{"footnotes":""},"categories":[436,254,439],"tags":[],"class_list":["post-123761","post","type-post","status-publish","format-standard","has-post-thumbnail","hentry","category-destaque-da-semana","category-politica","category-ultima-hora"],"_links":{"self":[{"href":"https:\/\/diarioregionaldigital.com.br\/index.php?rest_route=\/wp\/v2\/posts\/123761","targetHints":{"allow":["GET"]}}],"collection":[{"href":"https:\/\/diarioregionaldigital.com.br\/index.php?rest_route=\/wp\/v2\/posts"}],"about":[{"href":"https:\/\/diarioregionaldigital.com.br\/index.php?rest_route=\/wp\/v2\/types\/post"}],"author":[{"embeddable":true,"href":"https:\/\/diarioregionaldigital.com.br\/index.php?rest_route=\/wp\/v2\/users\/96"}],"replies":[{"embeddable":true,"href":"https:\/\/diarioregionaldigital.com.br\/index.php?rest_route=%2Fwp%2Fv2%2Fcomments&post=123761"}],"version-history":[{"count":0,"href":"https:\/\/diarioregionaldigital.com.br\/index.php?rest_route=\/wp\/v2\/posts\/123761\/revisions"}],"wp:featuredmedia":[{"embeddable":true,"href":"https:\/\/diarioregionaldigital.com.br\/index.php?rest_route=\/wp\/v2\/media\/123762"}],"wp:attachment":[{"href":"https:\/\/diarioregionaldigital.com.br\/index.php?rest_route=%2Fwp%2Fv2%2Fmedia&parent=123761"}],"wp:term":[{"taxonomy":"category","embeddable":true,"href":"https:\/\/diarioregionaldigital.com.br\/index.php?rest_route=%2Fwp%2Fv2%2Fcategories&post=123761"},{"taxonomy":"post_tag","embeddable":true,"href":"https:\/\/diarioregionaldigital.com.br\/index.php?rest_route=%2Fwp%2Fv2%2Ftags&post=123761"}],"curies":[{"name":"wp","href":"https:\/\/api.w.org\/{rel}","templated":true}]}}