{"id":123759,"date":"2018-10-24T16:42:52","date_gmt":"2018-10-24T18:42:52","guid":{"rendered":"https:\/\/diarioregionaldigital.com.br\/?p=123759"},"modified":"2018-10-24T16:42:52","modified_gmt":"2018-10-24T18:42:52","slug":"tse-desmente-que-urnas-estao-programadas-para-horario-de-verao","status":"publish","type":"post","link":"https:\/\/diarioregionaldigital.com.br\/?p=123759","title":{"rendered":"TSE desmente que urnas est\u00e3o programadas para hor\u00e1rio de ver\u00e3o"},"content":{"rendered":"<p>O Tribunal Superior Eleitoral (TSE) desmentiu nessa quarta-feira, 24, not\u00edcia que circula nas redes sociais que diz que as urnas eletr\u00f4nicas est\u00e3o equivocadamente programadas de acordo com o hor\u00e1rio de ver\u00e3o que, neste ano, foi adiado para novembro, em vez de iniciar em outubro.<\/p>\n<p>Segundo a postagem, as urnas n\u00e3o computariam os votos de antes das 9h nem os coletados ap\u00f3s as 16h. A mensagem pede aos eleitores para atentarem a essa programa\u00e7\u00e3o equivocada das urnas, de forma a terem seu voto considerado.<\/p>\n<p>Por meio de sua conta no Twitter e em sua p\u00e1gina oficial na internet, o (TSE desmentiu o boato. \u201cAten\u00e7\u00e3o, eleitor! O hor\u00e1rio de ver\u00e3o s\u00f3 come\u00e7a em novembro. \u00c9 FALSA a afirma\u00e7\u00e3o de que as urnas eletr\u00f4nicas est\u00e3o programadas para funcionar em hor\u00e1rio diferente neste domingo, 28, de elei\u00e7\u00e3o\u201d, esclarece a Justi\u00e7a Eleitoral.<\/p>\n<p>O hor\u00e1rio de vota\u00e7\u00e3o neste domingo \u00e9 das 8 \u00e0s 17h.<\/p>\n<p>&nbsp;<\/p>\n<p>Fonte: Ag\u00eancia Brasil<\/p>\n","protected":false},"excerpt":{"rendered":"<p>O Tribunal Superior Eleitoral (TSE) desmentiu nessa quarta-feira, 24, not\u00edcia que circula nas redes sociais que diz que as urnas eletr\u00f4nicas est\u00e3o equivocadamente programadas de acordo com o hor\u00e1rio de ver\u00e3o que, neste ano, foi adiado para novembro, em vez de iniciar em outubro. Segundo a postagem, as urnas n\u00e3o computariam os votos de antes [&hellip;]<\/p>\n","protected":false},"author":96,"featured_media":111871,"comment_status":"closed","ping_status":"closed","sticky":false,"template":"","format":"standard","meta":{"footnotes":""},"categories":[302,436,439],"tags":[],"class_list":["post-123759","post","type-post","status-publish","format-standard","has-post-thumbnail","hentry","category-brasil-mundo","category-destaque-da-semana","category-ultima-hora"],"_links":{"self":[{"href":"https:\/\/diarioregionaldigital.com.br\/index.php?rest_route=\/wp\/v2\/posts\/123759","targetHints":{"allow":["GET"]}}],"collection":[{"href":"https:\/\/diarioregionaldigital.com.br\/index.php?rest_route=\/wp\/v2\/posts"}],"about":[{"href":"https:\/\/diarioregionaldigital.com.br\/index.php?rest_route=\/wp\/v2\/types\/post"}],"author":[{"embeddable":true,"href":"https:\/\/diarioregionaldigital.com.br\/index.php?rest_route=\/wp\/v2\/users\/96"}],"replies":[{"embeddable":true,"href":"https:\/\/diarioregionaldigital.com.br\/index.php?rest_route=%2Fwp%2Fv2%2Fcomments&post=123759"}],"version-history":[{"count":0,"href":"https:\/\/diarioregionaldigital.com.br\/index.php?rest_route=\/wp\/v2\/posts\/123759\/revisions"}],"wp:featuredmedia":[{"embeddable":true,"href":"https:\/\/diarioregionaldigital.com.br\/index.php?rest_route=\/wp\/v2\/media\/111871"}],"wp:attachment":[{"href":"https:\/\/diarioregionaldigital.com.br\/index.php?rest_route=%2Fwp%2Fv2%2Fmedia&parent=123759"}],"wp:term":[{"taxonomy":"category","embeddable":true,"href":"https:\/\/diarioregionaldigital.com.br\/index.php?rest_route=%2Fwp%2Fv2%2Fcategories&post=123759"},{"taxonomy":"post_tag","embeddable":true,"href":"https:\/\/diarioregionaldigital.com.br\/index.php?rest_route=%2Fwp%2Fv2%2Ftags&post=123759"}],"curies":[{"name":"wp","href":"https:\/\/api.w.org\/{rel}","templated":true}]}}