{"id":123753,"date":"2018-10-24T16:23:15","date_gmt":"2018-10-24T18:23:15","guid":{"rendered":"https:\/\/diarioregionaldigital.com.br\/?p=123753"},"modified":"2018-10-24T16:23:15","modified_gmt":"2018-10-24T18:23:15","slug":"prefeitura-sanciona-projeto-que-visa-dar-igualdade-de-tratamento-no-servico-funerario-municipal","status":"publish","type":"post","link":"https:\/\/diarioregionaldigital.com.br\/?p=123753","title":{"rendered":"Prefeitura sanciona projeto que visa dar igualdade de tratamento no servi\u00e7o funer\u00e1rio municipal"},"content":{"rendered":"<div>\n<p>Nesta quarta-feira, 24, o projeto de lei complementar de autoria dos vereadores Sargento Mello Casal (PTB) e Fiorilo (PTC), que garante<a href=\"https:\/\/diarioregionaldigital.com.br\/2018\/09\/27\/camara-municipal-comeca-a-discutir-projeto-de-lei-que-quer-dar-igualdade-de-tratamento-no-servico-funerario\/\"> o tempo para vel\u00f3rio no servi\u00e7o funer\u00e1rio municipal<\/a> em caso de gratuidade, dispensa ou isen\u00e7\u00e3o de taxas, emolumentos e tarifas, foi sancionado pelo prefeito Ant\u00f4nio Almas.<\/p>\n<p>Desse modo, o tempo para vel\u00f3rio em caso de gratuidade, dispensa ou isen\u00e7\u00e3o de pagamento de taxas ao servi\u00e7o funer\u00e1rio no Munic\u00edpio de Juiz de Fora fica garantido.\u00a0 O tempo para vel\u00f3rio ser\u00e1 conforme o que \u00e9 praticado pelo servi\u00e7o funer\u00e1rio municipal, para qualquer falecimento.<\/p>\n<p>Na justificativa do projeto, os autores afirmam que os servi\u00e7os funer\u00e1rios municipais s\u00e3o de utilidade p\u00fablica e \u201cpor isso n\u00e3o podem discriminar aqueles mun\u00edcipes que t\u00eam assegurado gratuidade dos servi\u00e7os, de modo a preservar as pr\u00e1ticas tradicionais e costumeiras de vel\u00f3rio.\u201d<\/p>\n<p>&nbsp;<\/p>\n<p>Fonte: Assessoria\/ C\u00e2mara<\/p>\n<\/div>\n<div><\/div>\n","protected":false},"excerpt":{"rendered":"<p>Nesta quarta-feira, 24, o projeto de lei complementar de autoria dos vereadores Sargento Mello Casal (PTB) e Fiorilo (PTC), que garante o tempo para vel\u00f3rio no servi\u00e7o funer\u00e1rio municipal em caso de gratuidade, dispensa ou isen\u00e7\u00e3o de taxas, emolumentos e tarifas, foi sancionado pelo prefeito Ant\u00f4nio Almas. Desse modo, o tempo para vel\u00f3rio em caso [&hellip;]<\/p>\n","protected":false},"author":96,"featured_media":123754,"comment_status":"closed","ping_status":"closed","sticky":false,"template":"","format":"standard","meta":{"footnotes":""},"categories":[436,254,439],"tags":[],"class_list":["post-123753","post","type-post","status-publish","format-standard","has-post-thumbnail","hentry","category-destaque-da-semana","category-politica","category-ultima-hora"],"_links":{"self":[{"href":"https:\/\/diarioregionaldigital.com.br\/index.php?rest_route=\/wp\/v2\/posts\/123753","targetHints":{"allow":["GET"]}}],"collection":[{"href":"https:\/\/diarioregionaldigital.com.br\/index.php?rest_route=\/wp\/v2\/posts"}],"about":[{"href":"https:\/\/diarioregionaldigital.com.br\/index.php?rest_route=\/wp\/v2\/types\/post"}],"author":[{"embeddable":true,"href":"https:\/\/diarioregionaldigital.com.br\/index.php?rest_route=\/wp\/v2\/users\/96"}],"replies":[{"embeddable":true,"href":"https:\/\/diarioregionaldigital.com.br\/index.php?rest_route=%2Fwp%2Fv2%2Fcomments&post=123753"}],"version-history":[{"count":0,"href":"https:\/\/diarioregionaldigital.com.br\/index.php?rest_route=\/wp\/v2\/posts\/123753\/revisions"}],"wp:featuredmedia":[{"embeddable":true,"href":"https:\/\/diarioregionaldigital.com.br\/index.php?rest_route=\/wp\/v2\/media\/123754"}],"wp:attachment":[{"href":"https:\/\/diarioregionaldigital.com.br\/index.php?rest_route=%2Fwp%2Fv2%2Fmedia&parent=123753"}],"wp:term":[{"taxonomy":"category","embeddable":true,"href":"https:\/\/diarioregionaldigital.com.br\/index.php?rest_route=%2Fwp%2Fv2%2Fcategories&post=123753"},{"taxonomy":"post_tag","embeddable":true,"href":"https:\/\/diarioregionaldigital.com.br\/index.php?rest_route=%2Fwp%2Fv2%2Ftags&post=123753"}],"curies":[{"name":"wp","href":"https:\/\/api.w.org\/{rel}","templated":true}]}}