{"id":123750,"date":"2018-10-24T14:57:17","date_gmt":"2018-10-24T16:57:17","guid":{"rendered":"https:\/\/diarioregionaldigital.com.br\/?p=123750"},"modified":"2018-10-24T14:57:17","modified_gmt":"2018-10-24T16:57:17","slug":"inscricoes-para-processo-seletivo-de-professores-e-coordenadores-pedagogicos-terminam-nesta-quarta","status":"publish","type":"post","link":"https:\/\/diarioregionaldigital.com.br\/?p=123750","title":{"rendered":"Inscri\u00e7\u00f5es para processo seletivo de professores e coordenadores pedag\u00f3gicos terminam nesta quarta"},"content":{"rendered":"<p>Os interessados em participar do processo seletivo simplificado, visando \u00e0 contrata\u00e7\u00e3o tempor\u00e1ria de professores regentes A (PR-A), B (PR-B) e Coordenador Pedag\u00f3gico, para atua\u00e7\u00e3o no ano letivo de 2019 na rede municipal de ensino de Juiz de Fora (Editais 378, 379 e 380 \u2013 Secretaria de Administra\u00e7\u00e3o e Recursos Humanos\/SARH), devem se inscrever at\u00e9 as 23h59 desta quarta-feira, 24, pelo site da Prefeitura de Juiz de Fora (PJF).<\/p>\n<p>O edital n\u00ba 378, que define as diretrizes para os candidatos \u00e0 classe de PR-A, contempla a reg\u00eancia de turmas na Educa\u00e7\u00e3o Infantil, Anos Iniciais do Ensino Fundamental e da Educa\u00e7\u00e3o de Jovens e Adultos (EJA) ou no Ensino Colaborativo. J\u00e1 o edital n\u00ba 379 se refere aos cargos para PR-B, nas disciplinas de Arte, Biologia, Ci\u00eancias, Educa\u00e7\u00e3o F\u00edsica, Espanhol, Filosofia, F\u00edsica, Geografia, Hist\u00f3ria, Ingl\u00eas, Matem\u00e1tica, L\u00edngua Portuguesa\/Literatura, Qu\u00edmica e Sociologia. O edital n\u00ba 380 define as diretrizes para a sele\u00e7\u00e3o de coordenadores pedag\u00f3gicos.<\/p>\n<p>O candidato que j\u00e1 realizou inscri\u00e7\u00f5es em processos seletivos anteriores da PJF e esqueceu sua senha poder\u00e1 resgat\u00e1-la no momento da inscri\u00e7\u00e3o, atrav\u00e9s do \u00edcone \u201cEsqueceu sua senha? Clique aqui.\u201d, informando n\u00famero do CPF e data de nascimento. O resultado final dos processos seletivos ser\u00e3o publicados no Atos do Governo a partir de novembro.<\/p>\n<p>Os t\u00edtulos para valida\u00e7\u00e3o das informa\u00e7\u00f5es prestadas dever\u00e3o ser entregues nos dias 25, 26, 29 ou 30 de outubro, no Centro de Forma\u00e7\u00e3o do Professor (Av. Get\u00falio Vargas, 200, Centro), das 8h30 \u00e0s 17 horas. A documenta\u00e7\u00e3o poder\u00e1 ser entregue pessoalmente ou por terceiros e dever\u00e1 estar em envelope lacrado, com c\u00f3pia do documento de identidade. O comprovante de inscri\u00e7\u00e3o, que servir\u00e1 de recibo, dever\u00e1 ser entregue fora do envelope.<\/p>\n<p>Todas as informa\u00e7\u00f5es sobre os editais, incluindo os links para inscri\u00e7\u00e3o, podem ser conferidas abaixo.<\/p>\n<p><a href=\"https:\/\/www.pjf.mg.gov.br\/secretarias\/sarh\/edital\/temporario\/378\/index.php\">Edital n\u00ba 378 &#8211; PR-A<\/a><\/p>\n<p><a href=\"https:\/\/www.pjf.mg.gov.br\/secretarias\/sarh\/edital\/temporario\/379\/index.php\">Edital n\u00ba 379 &#8211; PR-B<\/a><\/p>\n<p><a href=\"https:\/\/www.pjf.mg.gov.br\/secretarias\/sarh\/edital\/temporario\/380\/index.php\">Edital n\u00ba 380 &#8211; Coordenador Pedag\u00f3gico<\/a><\/p>\n<p>Fonte: Assessoria\/ PJF<\/p>\n","protected":false},"excerpt":{"rendered":"<p>Os interessados em participar do processo seletivo simplificado, visando \u00e0 contrata\u00e7\u00e3o tempor\u00e1ria de professores regentes A (PR-A), B (PR-B) e Coordenador Pedag\u00f3gico, para atua\u00e7\u00e3o no ano letivo de 2019 na rede municipal de ensino de Juiz de Fora (Editais 378, 379 e 380 \u2013 Secretaria de Administra\u00e7\u00e3o e Recursos Humanos\/SARH), devem se inscrever at\u00e9 as [&hellip;]<\/p>\n","protected":false},"author":96,"featured_media":123751,"comment_status":"closed","ping_status":"closed","sticky":false,"template":"","format":"standard","meta":{"footnotes":""},"categories":[253,436,439],"tags":[],"class_list":["post-123750","post","type-post","status-publish","format-standard","has-post-thumbnail","hentry","category-cidade","category-destaque-da-semana","category-ultima-hora"],"_links":{"self":[{"href":"https:\/\/diarioregionaldigital.com.br\/index.php?rest_route=\/wp\/v2\/posts\/123750","targetHints":{"allow":["GET"]}}],"collection":[{"href":"https:\/\/diarioregionaldigital.com.br\/index.php?rest_route=\/wp\/v2\/posts"}],"about":[{"href":"https:\/\/diarioregionaldigital.com.br\/index.php?rest_route=\/wp\/v2\/types\/post"}],"author":[{"embeddable":true,"href":"https:\/\/diarioregionaldigital.com.br\/index.php?rest_route=\/wp\/v2\/users\/96"}],"replies":[{"embeddable":true,"href":"https:\/\/diarioregionaldigital.com.br\/index.php?rest_route=%2Fwp%2Fv2%2Fcomments&post=123750"}],"version-history":[{"count":0,"href":"https:\/\/diarioregionaldigital.com.br\/index.php?rest_route=\/wp\/v2\/posts\/123750\/revisions"}],"wp:featuredmedia":[{"embeddable":true,"href":"https:\/\/diarioregionaldigital.com.br\/index.php?rest_route=\/wp\/v2\/media\/123751"}],"wp:attachment":[{"href":"https:\/\/diarioregionaldigital.com.br\/index.php?rest_route=%2Fwp%2Fv2%2Fmedia&parent=123750"}],"wp:term":[{"taxonomy":"category","embeddable":true,"href":"https:\/\/diarioregionaldigital.com.br\/index.php?rest_route=%2Fwp%2Fv2%2Fcategories&post=123750"},{"taxonomy":"post_tag","embeddable":true,"href":"https:\/\/diarioregionaldigital.com.br\/index.php?rest_route=%2Fwp%2Fv2%2Ftags&post=123750"}],"curies":[{"name":"wp","href":"https:\/\/api.w.org\/{rel}","templated":true}]}}