{"id":123747,"date":"2018-10-24T14:33:07","date_gmt":"2018-10-24T16:33:07","guid":{"rendered":"https:\/\/diarioregionaldigital.com.br\/?p=123747"},"modified":"2018-10-24T14:33:07","modified_gmt":"2018-10-24T16:33:07","slug":"mais-de-2-milhoes-de-estudantes-ainda-nao-sabem-onde-farao-o-enem","status":"publish","type":"post","link":"https:\/\/diarioregionaldigital.com.br\/?p=123747","title":{"rendered":"Mais de 2 milh\u00f5es de estudantes ainda n\u00e3o sabem onde far\u00e3o o Enem"},"content":{"rendered":"<p>Cerca de 2,1 milh\u00f5es de estudantes inscritos no Exame Nacional do Ensino M\u00e9dio (Enem) ainda n\u00e3o sabem onde far\u00e3o as provas, de acordo com o Instituto Nacional de Estudos e Pesquisas Educacionais An\u00edsio Teixeira (Inep). O exame ser\u00e1 nos dias 4 e 11 de novembro. A recomenda\u00e7\u00e3o \u00e9 que os estudantes consultem o local de prova o quanto antes e fa\u00e7am, com anteced\u00eancia, o trajeto at\u00e9 o local.<\/p>\n<p>Os locais de prova est\u00e3o no cart\u00e3o de confirma\u00e7\u00e3o da inscri\u00e7\u00e3o, que est\u00e1 dispon\u00edvel desde segunda-feira, 22,\u00a0 e pode ser acessado pela\u00a0P\u00e1gina do Participante\u00a0ou pelo aplicativo do Enem 2018, dispon\u00edvel para\u00a0<em>download<\/em>\u00a0na\u00a0App Store\u00a0e na\u00a0Google Play\u00a0. \u00c9 preciso informar o CPF e a senha cadastrada na inscri\u00e7\u00e3o. Todas as informa\u00e7\u00f5es e\u00a0<em>links<\/em>\u00a0podem ser acessados pelo\u00a0<em>site<\/em>\u00a0do Enem.<\/p>\n<div class=\"dnd-widget-wrapper context-medio_4colunas type-image atom-align-left\">\n<div class=\"dnd-atom-rendered\"><\/div>\n<div class=\"dnd-caption-wrapper\">\n<div class=\"meta\"><span style=\"color: #565656; font-size: 15px;\">No ano passado, a poucas horas para o in\u00edcio do exame, cerca de 15% dos inscritos n\u00e3o haviam consultado o cart\u00e3o de confirma\u00e7\u00e3o. O Inep orienta os estudantes a acessar\u00a0o cart\u00e3o de confirma\u00e7\u00e3o com anteced\u00eancia e fazer\u00a0o trajeto at\u00e9 o local do exame antes do dia da prova, para verificar a dist\u00e2ncia, o tempo gasto e a melhor forma de chegar, evitando atrasos no dia da aplica\u00e7\u00e3o.<\/span><\/div>\n<\/div>\n<\/div>\n<h5>Cart\u00e3o de confirma\u00e7\u00e3o<\/h5>\n<p>O cart\u00e3o de confirma\u00e7\u00e3o informa o n\u00famero de inscri\u00e7\u00e3o; o local de prova, com endere\u00e7o e n\u00famero da sala; as datas e os hor\u00e1rios do Enem; a op\u00e7\u00e3o de l\u00edngua estrangeira\u00a0e os atendimentos espec\u00edficos e\/ou especializados, al\u00e9m de recursos de acessibilidade, caso tenham sido solicitados e aprovados.<\/p>\n<p>Segundo o Inep, n\u00e3o \u00e9 obrigat\u00f3rio levar o cart\u00e3o de confirma\u00e7\u00e3o impresso no dia das provas. Mas a autarquia recomenda que os estudantes imprimam e levem o cart\u00e3o nos dias de exame. Para fazer o Enem \u00e9 preciso levar documento oficial com foto e caneta esferogr\u00e1fica de tinta preta e de tubo transparente.<\/p>\n<h5>Enem<\/h5>\n<p>Nos dias 4 e 11 de novembro, 5,5 milh\u00f5es de estudantes em\u00a0todo o pa\u00eds dever\u00e3o fazer\u00a0o Enem em mais de 1,7 mil munic\u00edpios. No primeiro dia do exame, 4, ser\u00e3o aplicadas as provas de linguagem, ci\u00eancias humanas e reda\u00e7\u00e3o. A aplica\u00e7\u00e3o ter\u00e1 cinco horas e meia de dura\u00e7\u00e3o. No segundo dia, 11, haver\u00e1 provas de ci\u00eancias da natureza e matem\u00e1tica. Os estudantes ter\u00e3o cinco horas para resolver as quest\u00f5es.<\/p>\n<p>O primeiro dia de prova coincide com o\u00a0in\u00edcio do hor\u00e1rio de ver\u00e3o.\u00a0A aplica\u00e7\u00e3o do exame segue o hor\u00e1rio de Bras\u00edlia. Os port\u00f5es sempre abrem \u00e0s 12h e fecham \u00e0s 13h. A prova come\u00e7a \u00e0s 13h30.<\/p>\n<p>&nbsp;<\/p>\n<p>Fonte: Ag\u00eancia Brasil<\/p>\n","protected":false},"excerpt":{"rendered":"<p>Cerca de 2,1 milh\u00f5es de estudantes inscritos no Exame Nacional do Ensino M\u00e9dio (Enem) ainda n\u00e3o sabem onde far\u00e3o as provas, de acordo com o Instituto Nacional de Estudos e Pesquisas Educacionais An\u00edsio Teixeira (Inep). O exame ser\u00e1 nos dias 4 e 11 de novembro. A recomenda\u00e7\u00e3o \u00e9 que os estudantes consultem o local de [&hellip;]<\/p>\n","protected":false},"author":96,"featured_media":106163,"comment_status":"closed","ping_status":"closed","sticky":false,"template":"","format":"standard","meta":{"footnotes":""},"categories":[302,436,439],"tags":[],"class_list":["post-123747","post","type-post","status-publish","format-standard","has-post-thumbnail","hentry","category-brasil-mundo","category-destaque-da-semana","category-ultima-hora"],"_links":{"self":[{"href":"https:\/\/diarioregionaldigital.com.br\/index.php?rest_route=\/wp\/v2\/posts\/123747","targetHints":{"allow":["GET"]}}],"collection":[{"href":"https:\/\/diarioregionaldigital.com.br\/index.php?rest_route=\/wp\/v2\/posts"}],"about":[{"href":"https:\/\/diarioregionaldigital.com.br\/index.php?rest_route=\/wp\/v2\/types\/post"}],"author":[{"embeddable":true,"href":"https:\/\/diarioregionaldigital.com.br\/index.php?rest_route=\/wp\/v2\/users\/96"}],"replies":[{"embeddable":true,"href":"https:\/\/diarioregionaldigital.com.br\/index.php?rest_route=%2Fwp%2Fv2%2Fcomments&post=123747"}],"version-history":[{"count":0,"href":"https:\/\/diarioregionaldigital.com.br\/index.php?rest_route=\/wp\/v2\/posts\/123747\/revisions"}],"wp:featuredmedia":[{"embeddable":true,"href":"https:\/\/diarioregionaldigital.com.br\/index.php?rest_route=\/wp\/v2\/media\/106163"}],"wp:attachment":[{"href":"https:\/\/diarioregionaldigital.com.br\/index.php?rest_route=%2Fwp%2Fv2%2Fmedia&parent=123747"}],"wp:term":[{"taxonomy":"category","embeddable":true,"href":"https:\/\/diarioregionaldigital.com.br\/index.php?rest_route=%2Fwp%2Fv2%2Fcategories&post=123747"},{"taxonomy":"post_tag","embeddable":true,"href":"https:\/\/diarioregionaldigital.com.br\/index.php?rest_route=%2Fwp%2Fv2%2Ftags&post=123747"}],"curies":[{"name":"wp","href":"https:\/\/api.w.org\/{rel}","templated":true}]}}