{"id":123734,"date":"2018-10-24T14:03:01","date_gmt":"2018-10-24T16:03:01","guid":{"rendered":"https:\/\/diarioregionaldigital.com.br\/?p=123734"},"modified":"2018-10-24T14:03:01","modified_gmt":"2018-10-24T16:03:01","slug":"corpo-de-bombeiros-faz-operacao-operacao-alerta-vermelho-em-todo-o-estado-nesta-quinta-feira-25","status":"publish","type":"post","link":"https:\/\/diarioregionaldigital.com.br\/?p=123734","title":{"rendered":"Corpo de Bombeiros faz opera\u00e7\u00e3o opera\u00e7\u00e3o alerta vermelho em todo o estado nesta quinta-feira, 25"},"content":{"rendered":"<p>Na pr\u00f3xima quinta-feira, 25, ocorrer\u00e1 simultaneamente em todos os munic\u00edpios de Minas Gerais que possuem Unidades do Corpo de Bombeiros Militar mais uma Opera\u00e7\u00e3o Alerta Vermelho que visa disseminar a cultura de preven\u00e7\u00e3o e prote\u00e7\u00e3o ao cidad\u00e3o mineiro.<\/p>\n<p>Os militares do Quarto Batalh\u00e3o de Bombeiros Militar, em Juiz de Fora, ir\u00e3o vistoriar farm\u00e1cias, churrascarias, pizzarias e padarias localizados nas diversas regi\u00f5es da cidade. Os donos\/respons\u00e1veis pelos locais vistoriados ser\u00e3o orientados quanto \u00e0 utiliza\u00e7\u00e3o das medidas de seguran\u00e7a contra inc\u00eandio e p\u00e2nico existentes nos estabelecimentos e aos procedimentos para sua regulariza\u00e7\u00e3o, licenciamento e renova\u00e7\u00e3o do Auto de Vistoria do Corpo de Bombeiros \u2013 AVCB.<\/p>\n<p>O Posto de Comando ser\u00e1 montado na Sede do 4\u00ba Batalh\u00e3o de Bombeiros Militar, localizado na Avenida Brasil, 3405, Centro \u2013 Juiz de Fora e opera\u00e7\u00e3o ocorrer\u00e1 das 08 \u00e0s 12 horas. Em nossa regi\u00e3o, al\u00e9m de Juiz de Fora, acontecer\u00e1 tamb\u00e9m em Ub\u00e1, Leopoldina, Vi\u00e7osa e Muria\u00e9 como forma de difundir o car\u00e1ter orientativo com foco na educa\u00e7\u00e3o do cidad\u00e3o.<\/p>\n<p>&nbsp;<\/p>\n<p>Fonte: Assessoria\/ Corpo de Bombeiros<\/p>\n","protected":false},"excerpt":{"rendered":"<p>Na pr\u00f3xima quinta-feira, 25, ocorrer\u00e1 simultaneamente em todos os munic\u00edpios de Minas Gerais que possuem Unidades do Corpo de Bombeiros Militar mais uma Opera\u00e7\u00e3o Alerta Vermelho que visa disseminar a cultura de preven\u00e7\u00e3o e prote\u00e7\u00e3o ao cidad\u00e3o mineiro. Os militares do Quarto Batalh\u00e3o de Bombeiros Militar, em Juiz de Fora, ir\u00e3o vistoriar farm\u00e1cias, churrascarias, pizzarias [&hellip;]<\/p>\n","protected":false},"author":96,"featured_media":123737,"comment_status":"closed","ping_status":"closed","sticky":false,"template":"","format":"standard","meta":{"footnotes":""},"categories":[253,439],"tags":[],"class_list":["post-123734","post","type-post","status-publish","format-standard","has-post-thumbnail","hentry","category-cidade","category-ultima-hora"],"_links":{"self":[{"href":"https:\/\/diarioregionaldigital.com.br\/index.php?rest_route=\/wp\/v2\/posts\/123734","targetHints":{"allow":["GET"]}}],"collection":[{"href":"https:\/\/diarioregionaldigital.com.br\/index.php?rest_route=\/wp\/v2\/posts"}],"about":[{"href":"https:\/\/diarioregionaldigital.com.br\/index.php?rest_route=\/wp\/v2\/types\/post"}],"author":[{"embeddable":true,"href":"https:\/\/diarioregionaldigital.com.br\/index.php?rest_route=\/wp\/v2\/users\/96"}],"replies":[{"embeddable":true,"href":"https:\/\/diarioregionaldigital.com.br\/index.php?rest_route=%2Fwp%2Fv2%2Fcomments&post=123734"}],"version-history":[{"count":0,"href":"https:\/\/diarioregionaldigital.com.br\/index.php?rest_route=\/wp\/v2\/posts\/123734\/revisions"}],"wp:featuredmedia":[{"embeddable":true,"href":"https:\/\/diarioregionaldigital.com.br\/index.php?rest_route=\/wp\/v2\/media\/123737"}],"wp:attachment":[{"href":"https:\/\/diarioregionaldigital.com.br\/index.php?rest_route=%2Fwp%2Fv2%2Fmedia&parent=123734"}],"wp:term":[{"taxonomy":"category","embeddable":true,"href":"https:\/\/diarioregionaldigital.com.br\/index.php?rest_route=%2Fwp%2Fv2%2Fcategories&post=123734"},{"taxonomy":"post_tag","embeddable":true,"href":"https:\/\/diarioregionaldigital.com.br\/index.php?rest_route=%2Fwp%2Fv2%2Ftags&post=123734"}],"curies":[{"name":"wp","href":"https:\/\/api.w.org\/{rel}","templated":true}]}}