{"id":123718,"date":"2018-10-24T13:31:56","date_gmt":"2018-10-24T15:31:56","guid":{"rendered":"https:\/\/diarioregionaldigital.com.br\/?p=123718"},"modified":"2018-10-24T13:31:56","modified_gmt":"2018-10-24T15:31:56","slug":"policia-civil-divulga-retrato-falado-de-suspeito-por-estupros-em-muriae-e-regiao","status":"publish","type":"post","link":"https:\/\/diarioregionaldigital.com.br\/?p=123718","title":{"rendered":"Pol\u00edcia Civil divulga retrato falado de suspeito por estupros em Muria\u00e9 e regi\u00e3o"},"content":{"rendered":"<p>A Pol\u00edcia Civil divulgou oficialmente, na tarde dessa ter\u00e7a-feira, 23, o retrato falado do homem suspeito de ter estuprado mulheres em Muria\u00e9 e cidades da regi\u00e3o.<\/p>\n<p>O retrato foi produzido pelo Instituto de Criminal\u00edstica da PC de Minas e, conforme nota oficial assinada pelo delegado regional de Muria\u00e9, Jos\u00e9 Roberto Dem\u00e9trio Machado, o homem \u00e9 suspeito por dois estupros cometidos em Muria\u00e9 &#8211; em mar\u00e7o e outubro deste ano &#8211; e tamb\u00e9m por um caso ocorrido em Visconde do Rio Branco, em abril, e outro em Leopoldina, no m\u00eas de junho.<\/p>\n<p>De acordo com o comunicado, em rela\u00e7\u00e3o aos casos das outras cidades, \u201co modo de agir do autor foi an\u00e1logo \u00e0s ocorr\u00eancias registradas em Muria\u00e9, e relatando as v\u00edtimas caracter\u00edsticas f\u00edsicas id\u00eanticas as do autor dos crimes de Muria\u00e9\u201d.<\/p>\n<p>Segundo o relato das v\u00edtimas, o homem \u00e9 negro, alto e gordo, se apresenta bem vestido. As informa\u00e7\u00f5es s\u00e3o de que ele \u00a0costuma usar uma motocicleta tipo Honda CG Titan, tendo sendo visto ao menos uma vez entrando em um autom\u00f3vel branco, modelo hatch.<\/p>\n<p>Conforme a pol\u00edcia, nos dois epis\u00f3dios em Muria\u00e9 o homem esteve no endere\u00e7o das v\u00edtimas anteriormente ao ataque, perguntando sobre im\u00f3veis \u00e0 venda ou para loca\u00e7\u00e3o, e sobre a vizinhan\u00e7a. A investiga\u00e7\u00e3o aponta que as mulheres violentadas foram monitoradas pelo autor, que agiu quando tinha certeza de que elas estavam sozinhas em suas resid\u00eancias.<\/p>\n<p>Quem tiver informa\u00e7\u00f5es que possam contribuir para a identifica\u00e7\u00e3o e localiza\u00e7\u00e3o do suspeito pode fazer a den\u00fancia atrav\u00e9s dos seguintes canais: 197 (Pol\u00edcia Civil) \/ (32) 3722-2777 (4\u00aa Delegacia Regional de Muria\u00e9) \/ 190 (Pol\u00edcia Militar) e 181 (Disque Den\u00fancia Unificado MG).<\/p>\n<p>&nbsp;<\/p>\n<p><strong>Nota da Pol\u00edcia Civil:\u00a0<\/strong><\/p>\n<p><img loading=\"lazy\" decoding=\"async\" class=\"alignnone wp-image-123720 size-full\" src=\"https:\/\/diarioregionaldigital.com.br\/wp-content\/uploads\/2018\/10\/Nota-PC-retrato-estuprador.jpg\" alt=\"\" width=\"600\" height=\"800\" srcset=\"https:\/\/diarioregionaldigital.com.br\/wp-content\/uploads\/2018\/10\/Nota-PC-retrato-estuprador.jpg 600w, https:\/\/diarioregionaldigital.com.br\/wp-content\/uploads\/2018\/10\/Nota-PC-retrato-estuprador-225x300.jpg 225w, https:\/\/diarioregionaldigital.com.br\/wp-content\/uploads\/2018\/10\/Nota-PC-retrato-estuprador-360x480.jpg 360w\" sizes=\"auto, (max-width: 600px) 100vw, 600px\" \/><\/p>\n<p>&nbsp;<\/p>\n<p>Fonte: R\u00e1dio Muria\u00e9<\/p>\n","protected":false},"excerpt":{"rendered":"<p>A Pol\u00edcia Civil divulgou oficialmente, na tarde dessa ter\u00e7a-feira, 23, o retrato falado do homem suspeito de ter estuprado mulheres em Muria\u00e9 e cidades da regi\u00e3o. O retrato foi produzido pelo Instituto de Criminal\u00edstica da PC de Minas e, conforme nota oficial assinada pelo delegado regional de Muria\u00e9, Jos\u00e9 Roberto Dem\u00e9trio Machado, o homem \u00e9 [&hellip;]<\/p>\n","protected":false},"author":96,"featured_media":123721,"comment_status":"closed","ping_status":"closed","sticky":false,"template":"","format":"standard","meta":{"footnotes":""},"categories":[252,439],"tags":[],"class_list":["post-123718","post","type-post","status-publish","format-standard","has-post-thumbnail","hentry","category-regiao","category-ultima-hora"],"_links":{"self":[{"href":"https:\/\/diarioregionaldigital.com.br\/index.php?rest_route=\/wp\/v2\/posts\/123718","targetHints":{"allow":["GET"]}}],"collection":[{"href":"https:\/\/diarioregionaldigital.com.br\/index.php?rest_route=\/wp\/v2\/posts"}],"about":[{"href":"https:\/\/diarioregionaldigital.com.br\/index.php?rest_route=\/wp\/v2\/types\/post"}],"author":[{"embeddable":true,"href":"https:\/\/diarioregionaldigital.com.br\/index.php?rest_route=\/wp\/v2\/users\/96"}],"replies":[{"embeddable":true,"href":"https:\/\/diarioregionaldigital.com.br\/index.php?rest_route=%2Fwp%2Fv2%2Fcomments&post=123718"}],"version-history":[{"count":0,"href":"https:\/\/diarioregionaldigital.com.br\/index.php?rest_route=\/wp\/v2\/posts\/123718\/revisions"}],"wp:featuredmedia":[{"embeddable":true,"href":"https:\/\/diarioregionaldigital.com.br\/index.php?rest_route=\/wp\/v2\/media\/123721"}],"wp:attachment":[{"href":"https:\/\/diarioregionaldigital.com.br\/index.php?rest_route=%2Fwp%2Fv2%2Fmedia&parent=123718"}],"wp:term":[{"taxonomy":"category","embeddable":true,"href":"https:\/\/diarioregionaldigital.com.br\/index.php?rest_route=%2Fwp%2Fv2%2Fcategories&post=123718"},{"taxonomy":"post_tag","embeddable":true,"href":"https:\/\/diarioregionaldigital.com.br\/index.php?rest_route=%2Fwp%2Fv2%2Ftags&post=123718"}],"curies":[{"name":"wp","href":"https:\/\/api.w.org\/{rel}","templated":true}]}}