{"id":123697,"date":"2018-10-24T12:46:26","date_gmt":"2018-10-24T14:46:26","guid":{"rendered":"https:\/\/diarioregionaldigital.com.br\/?p=123697"},"modified":"2018-10-24T12:46:26","modified_gmt":"2018-10-24T14:46:26","slug":"var-e-confirmado-na-fase-semifinal-do-campeonato-mineiro-de-2019","status":"publish","type":"post","link":"https:\/\/diarioregionaldigital.com.br\/?p=123697","title":{"rendered":"VAR \u00e9 confirmado na fase semifinal do Campeonato Mineiro de 2019"},"content":{"rendered":"<p>Na tarde da ter\u00e7a-feira, 23 de outubro, foi realizada reuni\u00e3o do Conselho T\u00e9cnico para o Campeonato Mineiro Sicoob 2019. Os clubes foram representados por dirigentes que definiram quest\u00f5es importantes para a competi\u00e7\u00e3o, o estadual mais moderno do Brasil.<\/p>\n<p>&nbsp;<\/p>\n<p><strong>FASES DO CAMPEONATO<\/strong><\/p>\n<p>&nbsp;<\/p>\n<p>Os clubes da capital, atrav\u00e9s do representante do Cruzeiro, Benecy Queiroz, sugeriram que a fase quartas-de-final fosse retirada do calend\u00e1rio da competi\u00e7\u00e3o. Os clubes do interior foram contra a mudan\u00e7a, e a etapa foi mantida em jogo \u00fanico. Em decis\u00e3o da maioria presente, os est\u00e1dios dever\u00e3o comportar no m\u00ednimo 10 mil pessoas, j\u00e1 a partir dessa etapa.<\/p>\n<p>&nbsp;<\/p>\n<p><strong>REGULAMENTO<\/p>\n<p><\/strong><\/p>\n<p>O regulamento do Campeonato Mineiro Sicoob 2019 ter\u00e1 texto submetido \u00e0 avalia\u00e7\u00e3o de um grupo de juristas, inclu\u00eddos os representantes dos clubes participantes, para que o texto final esteja de acordo com os interesses dos clubes e atenda a todos os par\u00e2metros legais referentes ao Direito Desportivo.<\/p>\n<p>&nbsp;<\/p>\n<p><strong>VAR<\/p>\n<p><\/strong><\/p>\n<p>O \u00e1rbitro de v\u00eddeo ser\u00e1 utilizado no Campeonato Mineiro Sicoob 2019, ap\u00f3s decis\u00e3o un\u00e2nime. A Federa\u00e7\u00e3o Mineira de Futebol colocou os valores no planejamento financeiro para o exerc\u00edcio 2019, e arcar\u00e1 com os custos da opera\u00e7\u00e3o do recurso tecnol\u00f3gico. Os clubes dever\u00e3o homologar seus est\u00e1dios, caso queiram mandar os jogos semifinais e finais, e arcar com os custos das adapta\u00e7\u00f5es necess\u00e1rias.<\/p>\n<p>&nbsp;<\/p>\n<p><strong>DATAS<\/p>\n<p><\/strong><\/p>\n<p>Ficaram definidas as datas de in\u00edcio \u2013 20 de janeiro \u2013 e t\u00e9rmino \u2013 21 de abril, com 4 jogos de meio de semana, sendo a maioria das partidas disputada no final de semana. Respeitando o calend\u00e1rio do futebol brasileiro como um todo, ser\u00e3o usadas apenas 16 das 18 datas abertas pela CBF para utiliza\u00e7\u00e3o em campeonatos estaduais.<\/p>\n<p>&nbsp;<\/p>\n<p><strong>INSCRI\u00c7\u00c3O DE ATLETAS<\/strong><\/p>\n<p>Ficou definido, ap\u00f3s decis\u00e3o un\u00e2nime, que n\u00e3o existir\u00e1 data limite para inscri\u00e7\u00e3o de atletas no Campeonato Mineiro Sicoob 2019. A medida favorece clubes que contratam jogadores pensando em competi\u00e7\u00f5es futuras, como Libertadores, Copa do Brasil e Campeonato Brasileiro das s\u00e9ries A, B, C e D, mais uma vez pensando no futebol nacional como um todo.<\/p>\n<p><strong>MASCOTES<br \/>\n<\/strong>Foi mantido o padr\u00e3o de anos anteriores, e o acesso da crian\u00e7ada ao gramado ser\u00e1 ilimitado, permitindo que os clubes cativem a nova gera\u00e7\u00e3o de torcedores que come\u00e7a a frequentar os est\u00e1dios.<\/p>\n<p><strong>CALEND\u00c1RIO<\/strong><\/p>\n<p>A tabela detalhada ser\u00e1 divulgada no dia 20 de novembro, ap\u00f3s todas as adapta\u00e7\u00f5es necess\u00e1rias para atender \u00e0s necessidades de todos os filiados.<\/p>\n<p>Fonte: FMF<\/p>\n","protected":false},"excerpt":{"rendered":"<p>Na tarde da ter\u00e7a-feira, 23 de outubro, foi realizada reuni\u00e3o do Conselho T\u00e9cnico para o Campeonato Mineiro Sicoob 2019. Os clubes foram representados por dirigentes que definiram quest\u00f5es importantes para a competi\u00e7\u00e3o, o estadual mais moderno do Brasil. &nbsp; FASES DO CAMPEONATO &nbsp; Os clubes da capital, atrav\u00e9s do representante do Cruzeiro, Benecy Queiroz, sugeriram [&hellip;]<\/p>\n","protected":false},"author":96,"featured_media":123698,"comment_status":"closed","ping_status":"closed","sticky":false,"template":"","format":"standard","meta":{"footnotes":""},"categories":[257,439],"tags":[],"class_list":["post-123697","post","type-post","status-publish","format-standard","has-post-thumbnail","hentry","category-esporte","category-ultima-hora"],"_links":{"self":[{"href":"https:\/\/diarioregionaldigital.com.br\/index.php?rest_route=\/wp\/v2\/posts\/123697","targetHints":{"allow":["GET"]}}],"collection":[{"href":"https:\/\/diarioregionaldigital.com.br\/index.php?rest_route=\/wp\/v2\/posts"}],"about":[{"href":"https:\/\/diarioregionaldigital.com.br\/index.php?rest_route=\/wp\/v2\/types\/post"}],"author":[{"embeddable":true,"href":"https:\/\/diarioregionaldigital.com.br\/index.php?rest_route=\/wp\/v2\/users\/96"}],"replies":[{"embeddable":true,"href":"https:\/\/diarioregionaldigital.com.br\/index.php?rest_route=%2Fwp%2Fv2%2Fcomments&post=123697"}],"version-history":[{"count":0,"href":"https:\/\/diarioregionaldigital.com.br\/index.php?rest_route=\/wp\/v2\/posts\/123697\/revisions"}],"wp:featuredmedia":[{"embeddable":true,"href":"https:\/\/diarioregionaldigital.com.br\/index.php?rest_route=\/wp\/v2\/media\/123698"}],"wp:attachment":[{"href":"https:\/\/diarioregionaldigital.com.br\/index.php?rest_route=%2Fwp%2Fv2%2Fmedia&parent=123697"}],"wp:term":[{"taxonomy":"category","embeddable":true,"href":"https:\/\/diarioregionaldigital.com.br\/index.php?rest_route=%2Fwp%2Fv2%2Fcategories&post=123697"},{"taxonomy":"post_tag","embeddable":true,"href":"https:\/\/diarioregionaldigital.com.br\/index.php?rest_route=%2Fwp%2Fv2%2Ftags&post=123697"}],"curies":[{"name":"wp","href":"https:\/\/api.w.org\/{rel}","templated":true}]}}